{"id":4801,"date":"2026-09-03T12:46:42","date_gmt":"2026-09-03T12:46:42","guid":{"rendered":"https:\/\/www.martincabrales.com.ar\/?p=4801"},"modified":"2026-09-03T12:51:40","modified_gmt":"2026-09-03T12:51:40","slug":"martin-cabrales-fue-distinguido-con-mencion-de-honor-en-el-palacio-legislativo","status":"publish","type":"post","link":"https:\/\/www.martincabrales.com.ar\/?p=4801","title":{"rendered":"Mart\u00edn Cabrales fue distinguido con menci\u00f3n de honor en el Palacio Legislativo"},"content":{"rendered":"\n<p class=\"wp-block-paragraph\"><a href=\"https:\/\/caras.perfil.com\/noticias\/celebridades\/martin-cabrales-fue-distinguido-con-mencion-de-honor-en-el-palacio-legislativo.phtml\" target=\"_blank\" rel=\"noopener\">https:\/\/caras.perfil.com\/noticias\/celebridades\/martin-cabrales-fue-distinguido-con-mencion-de-honor-en-el-palacio-legislativo.phtml<\/a><\/p>\n\n\n\n<h2 class=\"wp-block-heading\">El reconocido empresario recibi\u00f3 la distinci\u00f3n \u00abPresidente Julio Argentino Roca\u00bb por su trayectoria e innovaci\u00f3n, acompa\u00f1ado por su familia y grandes figuras del \u00e1mbito empresarial y del espect\u00e1culo.<\/h2>\n\n\n\n<figure class=\"wp-block-image\" id=\"js-main-image\"><img decoding=\"async\" src=\"https:\/\/fotos.perfil.com\/2026\/09\/02\/trim\/950\/534\/marin-cabrales-en-el-palacio-legislativo-2317471.jpg\" alt=\"Mar\u00edn Cabrales en el Palacio Legislativo\"\/><figcaption class=\"wp-element-caption\">Mar\u00edn Cabrales en el Palacio Legislativo&nbsp;| Caras<\/figcaption><\/figure>\n\n\n\n<p class=\"wp-block-paragraph\"><a href=\"mailto:?subjet=Perfil.com%20|%20Mart%C3%ADn+Cabrales+fue+distinguido+con+menci%C3%B3n+de+honor+en+el+Palacio+Legislativo&amp;body=Hola,%20vi%20este%20art%C3%ADculo%20que%20public%C3%B3%20Perfil.com%20y%20creo%20que%20te%20puede%20interesar.%20https:\/\/caras.perfil.com\/noticias\/celebridades\/martin-cabrales-fue-distinguido-con-mencion-de-honor-en-el-palacio-legislativo.phtml\"><\/a><\/p>\n\n\n\n<p class=\"wp-block-paragraph\">M\u00e1s de doscientas personas se pusieron de pie en el Sal\u00f3n Azul del Palacio Legislativo para aplaudir a&nbsp;<strong><a target=\"_blank\" href=\"https:\/\/caras.perfil.com\/noticias\/caras-tv\/fuerte-declaracion-martin-cabrales-empresarios-estamos-para-crear-riqueza.phtml\" rel=\"noopener\">Mart\u00edn Cabrales<\/a>&nbsp;(64)<\/strong>&nbsp;que fue distinguido con la menci\u00f3n de honor&nbsp;<strong>\u201cPresidente Julio Argentino Roca\u201d<\/strong>&nbsp;por su trayectoria, visi\u00f3n e innovaci\u00f3n para favorecer la econom\u00eda argentina y los aplausos fueron superados por la ovaci\u00f3n.<\/p>\n\n\n\n<figure class=\"wp-block-image\"><img decoding=\"async\" src=\"https:\/\/fotos.perfil.com\/\/2026\/09\/02\/900\/0\/martin-cabrales-2317465.jpg\" alt=\"Mart\u00edn Cabrales\"\/><figcaption class=\"wp-element-caption\">Mart\u00edn Cabrales y Maximiliano Abad en el Palacio Legislativo.<\/figcaption><\/figure>\n\n\n\n<figure class=\"wp-block-image\"><img decoding=\"async\" src=\"https:\/\/fotos.perfil.com\/\/2026\/09\/02\/900\/0\/martin-cabrales-2317467.jpg\" alt=\"Mart\u00edn Cabrales\"\/><figcaption class=\"wp-element-caption\">Fabi\u00e1n Perechodnik, Soledad y Jos\u00e9 Urtubey, Mar\u00eda Podest\u00e1 y Gino Bogani.<\/figcaption><\/figure>\n\n\n\n<figure class=\"wp-block-image\"><img decoding=\"async\" src=\"https:\/\/fotos.perfil.com\/\/2026\/09\/02\/900\/0\/martin-cabrales-2317478.jpg\" alt=\"Mart\u00edn Cabrales\"\/><figcaption class=\"wp-element-caption\">Mart\u00edn Cabrales y Amalia Amoedo.<\/figcaption><\/figure>\n\n\n\n<p class=\"wp-block-paragraph\">El empresario, tercera generaci\u00f3n en la empresa cafetera que fund\u00f3 su abuelo hace m\u00e1s de 80 a\u00f1os, estuvo acompa\u00f1ado por sus hermanos, su esposa&nbsp;<strong>Dora S\u00e1nchez<\/strong>, amigos y personalidades como&nbsp;<strong>Graciela Borges<\/strong>&nbsp;\u2013quien relat\u00f3 la historia familiar en un video\u2013,&nbsp;<strong>Soledad<\/strong>&nbsp;y&nbsp;<strong>Jos\u00e9 Urtubey<\/strong>,&nbsp;<strong>Amalia Amoedo<\/strong>,&nbsp;<strong>Mart\u00edn Rappallini<\/strong>&nbsp;(UIA),&nbsp;<strong>Javier Bolzico<\/strong>&nbsp;(Adeba),&nbsp;<strong>Adelmo Gabbi<\/strong>&nbsp;(Bolsa de Comercio), empresarios como&nbsp;<strong>Gabriel Martino<\/strong>&nbsp;y&nbsp;<strong>Adri\u00e1n Werthein<\/strong>,&nbsp;<strong>Rodolfo D\u2019Onofrio<\/strong>&nbsp;con&nbsp;<a target=\"_blank\" href=\"https:\/\/caras.perfil.com\/noticias\/moda\/zulemita-menem-deslumbro-bikini-miami-fotos.phtml\" rel=\"noopener\"><strong>Zulemita Menem<\/strong><\/a>,&nbsp;<strong>Fabi\u00e1n Perechodnik<\/strong>,&nbsp;<strong>Mar\u00eda Podest\u00e1<\/strong>&nbsp;y&nbsp;<strong>Gino Bogani<\/strong>, entre otros.<\/p>\n\n\n\n<p class=\"wp-block-paragraph\"><a href=\"http:\/\/ads.us.e-planning.net\/ei\/3\/15986\/dfe9c2452f5d48d4?it=i&amp;rnd=$RANDOM\" target=\"_blank\" rel=\"noopener\"><\/a><\/p>\n\n\n\n<figure class=\"wp-block-image\"><img decoding=\"async\" src=\"https:\/\/fotos.perfil.com\/\/2026\/09\/02\/900\/0\/martin-cabrales-2317468.jpg\" alt=\"Mart\u00edn Cabrales\"\/><figcaption class=\"wp-element-caption\">Graciela Borges con Dora S\u00e1nchez y&nbsp;Zulemita Menem junto a Rodolfo D\u2019Onofrio.<\/figcaption><\/figure>\n\n\n\n<figure class=\"wp-block-image\"><img decoding=\"async\" src=\"https:\/\/fotos.perfil.com\/\/2026\/09\/02\/900\/0\/martin-cabrales-2317469.jpg\" alt=\"Mart\u00edn Cabrales\"\/><figcaption class=\"wp-element-caption\">Mar\u00eda Claudia Pedrayes, Graciela Borges, Gerard Confalonieri, Grace C\u00e1mara y Evelyn Scheidl.<\/figcaption><\/figure>\n\n\n\n<figure class=\"wp-block-image\"><img decoding=\"async\" src=\"https:\/\/fotos.perfil.com\/\/2026\/09\/02\/900\/0\/martin-cabrales-2317470.jpg\" alt=\"Mart\u00edn Cabrales\"\/><figcaption class=\"wp-element-caption\">M\u00e1s de 200 personas acompa\u00f1aron a&nbsp;Mart\u00edn Cabrales en su reconocimiento.<\/figcaption><\/figure>\n\n\n\n<p class=\"wp-block-paragraph\">\u201cEstoy muy conmovido y agradecido. Fue un orgullo recibir esta distinci\u00f3n. Lo hice en nombre de toda la familia Cabrales en el marco de los 85 a\u00f1os de nuestra empresa. Soy el mayor de la tercera generaci\u00f3n y es un orgullo saber que ya est\u00e1 la cuarta formando parte de la empresa, porque se seguir\u00e1n manteniendo los mismos principios que nos inculcaron: calidad, servicio y prestigio\u2026Tuvimos la suerte de que mi abuelo eligiera&nbsp;<strong>Mar del Plata<\/strong>&nbsp;y ah\u00ed naci\u00f3 nuestro ADN. El que nos ense\u00f1\u00f3 que la calidad no se negocia y que detr\u00e1s de cada taza est\u00e1 la pasi\u00f3n y el profesionalismo por lo que hacemos\u201d, expres\u00f3 Cabrales.<\/p>\n\n\n\n<p class=\"wp-block-paragraph\">Y luego de recibir su distinci\u00f3n de manos del senador nacional por la provincia de Buenos Aires,&nbsp;<strong>Maximiliano Abad<\/strong>, comparti\u00f3 con todos el emotivo momento.<\/p>\n","protected":false},"excerpt":{"rendered":"<p>https:\/\/caras.perfil.com\/noticias\/celebridades\/martin-cabrales-fue-distinguido-con-mencion-de-honor-en-el-palacio-legislativo.phtml El reconocido empresario recibi\u00f3 la distinci\u00f3n \u00abPresidente Julio Argentino Roca\u00bb por su trayectoria e innovaci\u00f3n, acompa\u00f1ado por su familia y grandes figuras del \u00e1mbito empresarial y del espect\u00e1culo. M\u00e1s de doscientas personas se pusieron de pie en el Sal\u00f3n Azul del Palacio Legislativo para aplaudir a&nbsp;Mart\u00edn Cabrales&nbsp;(64)&nbsp;que fue distinguido con la menci\u00f3n de honor&nbsp;\u201cPresidente [&#8230;]\n","protected":false},"author":2,"featured_media":4803,"comment_status":"closed","ping_status":"closed","sticky":false,"template":"","format":"standard","meta":{"footnotes":""},"categories":[66],"tags":[],"class_list":["post-4801","post","type-post","status-publish","format-standard","has-post-thumbnail","hentry","category-caras"],"_links":{"self":[{"href":"https:\/\/www.martincabrales.com.ar\/index.php?rest_route=\/wp\/v2\/posts\/4801","targetHints":{"allow":["GET"]}}],"collection":[{"href":"https:\/\/www.martincabrales.com.ar\/index.php?rest_route=\/wp\/v2\/posts"}],"about":[{"href":"https:\/\/www.martincabrales.com.ar\/index.php?rest_route=\/wp\/v2\/types\/post"}],"author":[{"embeddable":true,"href":"https:\/\/www.martincabrales.com.ar\/index.php?rest_route=\/wp\/v2\/users\/2"}],"replies":[{"embeddable":true,"href":"https:\/\/www.martincabrales.com.ar\/index.php?rest_route=%2Fwp%2Fv2%2Fcomments&post=4801"}],"version-history":[{"count":2,"href":"https:\/\/www.martincabrales.com.ar\/index.php?rest_route=\/wp\/v2\/posts\/4801\/revisions"}],"predecessor-version":[{"id":4804,"href":"https:\/\/www.martincabrales.com.ar\/index.php?rest_route=\/wp\/v2\/posts\/4801\/revisions\/4804"}],"wp:featuredmedia":[{"embeddable":true,"href":"https:\/\/www.martincabrales.com.ar\/index.php?rest_route=\/wp\/v2\/media\/4803"}],"wp:attachment":[{"href":"https:\/\/www.martincabrales.com.ar\/index.php?rest_route=%2Fwp%2Fv2%2Fmedia&parent=4801"}],"wp:term":[{"taxonomy":"category","embeddable":true,"href":"https:\/\/www.martincabrales.com.ar\/index.php?rest_route=%2Fwp%2Fv2%2Fcategories&post=4801"},{"taxonomy":"post_tag","embeddable":true,"href":"https:\/\/www.martincabrales.com.ar\/index.php?rest_route=%2Fwp%2Fv2%2Ftags&post=4801"}],"curies":[{"name":"wp","href":"https:\/\/api.w.org\/{rel}","templated":true}]}}