{"id":4798,"date":"2026-09-03T12:44:08","date_gmt":"2026-09-03T12:44:08","guid":{"rendered":"https:\/\/www.martincabrales.com.ar\/?p=4798"},"modified":"2026-09-03T12:44:09","modified_gmt":"2026-09-03T12:44:09","slug":"todas-las-fotos-del-reconocimiento-a-martin-cabrales-en-el-senado","status":"publish","type":"post","link":"https:\/\/www.martincabrales.com.ar\/?p=4798","title":{"rendered":"Todas las fotos del reconocimiento a Mart\u00edn Cabrales en el Senado"},"content":{"rendered":"\n<p class=\"wp-block-paragraph\"><a href=\"https:\/\/www.revistagente.com\/galerias\/todas-las-fotos-del-reconocimiento-a-martin-cabrales-en-el-senado-de-graciela-borges-a-zulemita-menem-las-figuras-que-lo-acompanaron\" target=\"_blank\" rel=\"noopener\">https:\/\/www.revistagente.com\/galerias\/todas-las-fotos-del-reconocimiento-a-martin-cabrales-en-el-senado-de-graciela-borges-a-zulemita-menem-las-figuras-que-lo-acompanaron<\/a><\/p>\n\n\n\n<p class=\"wp-block-paragraph\"><strong>Mart\u00edn Cabrales&nbsp;<\/strong>recibi\u00f3 uno de los reconocimientos institucionales m\u00e1s destacados a su trayectoria empresarial. En una ceremonia realizada en el Sal\u00f3n Azul del Congreso de la Naci\u00f3n, fue distinguido con la&nbsp;<strong>Menci\u00f3n de Honor \u201cPresidente Julio Argentino Roca\u201d<\/strong>, otorgada por el Senado de la Naci\u00f3n.<\/p>\n\n\n\n<p class=\"wp-block-paragraph\">El reconocimiento, destinado a emprendedores que se destacan por su trayectoria, capacidad de innovaci\u00f3n y contribuci\u00f3n al crecimiento econ\u00f3mico y social del pa\u00eds, fue entregado por el senador nacional por la provincia de Buenos Aires&nbsp;<strong>Maximiliano Abad<\/strong>.<\/p>\n\n\n\n<h2 class=\"wp-block-heading\">Todas las fotos del homenaje a Mart\u00edn Cabrales en el Senado<\/h2>\n\n\n\n<p class=\"wp-block-paragraph\">La ceremonia cont\u00f3 con la presencia de representantes de diferentes sectores del \u00e1mbito institucional, productivo y sindical, adem\u00e1s de&nbsp;<strong>embajadores y miembros del cuerpo diplom\u00e1tico acreditado en la Argentina<\/strong>.<\/p>\n\n\n\n<figure class=\"wp-block-image is-resized\"><img decoding=\"async\" src=\"https:\/\/www.revistagente.com\/wp-content\/uploads\/2026\/09\/distincion-martin-cabrales-en-el-senado.jpg.webp\" alt=\"\" class=\"wp-image-688032\" style=\"aspect-ratio:1.5;width:1500px;height:auto\"\/><figcaption class=\"wp-element-caption\">El empresario recibi\u00f3 la Menci\u00f3n de Honor \u201cPresidente Julio Argentino Roca\u201d en reconocimiento a su trayectoria y aporte al desarrollo productivo del pa\u00eds. En la foto aparece junto al senador Maximiliano Abad.<\/figcaption><\/figure>\n\n\n\n<p class=\"wp-block-paragraph\">Durante el homenaje se repas\u00f3 no s\u00f3lo la historia de la compa\u00f1\u00eda familiar, sino tambi\u00e9n algunos de los proyectos que marcaron su expansi\u00f3n y desarrollo. Entre ellos tuvo un lugar destacado&nbsp;<strong>la iniciativa que la firma lleva adelante en Tucum\u00e1n y que permiti\u00f3 obtener el primer caf\u00e9 argentino con denominaci\u00f3n de origen que alcanza est\u00e1ndares internacionales<\/strong>.<\/p>\n\n\n\n<figure class=\"wp-block-image is-resized\"><img decoding=\"async\" src=\"https:\/\/www.revistagente.com\/wp-content\/uploads\/2026\/09\/martin-cabrales.jpg.webp\" alt=\"\" class=\"wp-image-688033\" style=\"aspect-ratio:0.6666666666666666;width:1000px;height:auto\"\/><figcaption class=\"wp-element-caption\">Mart\u00edn Cabrales tras recibir la Menci\u00f3n de Honor \u201cPresidente Julio Argentino Roca\u201d.<\/figcaption><\/figure>\n\n\n\n<p class=\"wp-block-paragraph\">La ceremonia tambi\u00e9n tuvo momentos vinculados a la historia personal y familiar de Cabrales. Durante el encuentro se proyect\u00f3&nbsp;<strong>un video narrado por Graciela Borges<\/strong>, en el que se recorrieron distintos cap\u00edtulos de la compa\u00f1\u00eda desde sus or\u00edgenes.<\/p>\n\n\n\n<p class=\"wp-block-paragraph\">Por decisi\u00f3n del propio homenajeado,&nbsp;<strong>Daniel Funes de Rioja<\/strong>, presidente de la Academia Nacional de Ciencias de la Empresa (ANCEM), fue uno de los encargados de tomar la palabra.&nbsp;<strong>Mirtha Legrand<\/strong>, por su parte, estuvo presente a trav\u00e9s de un mensaje grabado especialmente para la ocasi\u00f3n.<\/p>\n\n\n\n<figure class=\"wp-block-image\"><img decoding=\"async\" src=\"https:\/\/www.revistagente.com\/wp-content\/uploads\/2026\/09\/zulemita-menem-y-rodolfo-donofrio-1024x683.jpg.webp\" alt=\"\" class=\"wp-image-688034\"\/><figcaption class=\"wp-element-caption\">Zulemita Menem y Rodolfo D&#8217;Onofrio dijeron presente en la ceremonia. En la foto aparecen junto a Gabriel Martino, director de BYMA.<\/figcaption><\/figure>\n\n\n\n<p class=\"wp-block-paragraph\">Al momento de agradecer el reconocimiento, Cabrales puso el foco en sus ra\u00edces y en el legado que recibi\u00f3 de las generaciones que lo precedieron.&nbsp;<strong>\u201cTuvimos la suerte de que mi abuelo eligiera Mar del Plata, ah\u00ed naci\u00f3 nuestro ADN industrial y de servicio\u201d<\/strong>, expres\u00f3 ante los presentes.<\/p>\n\n\n\n<p class=\"wp-block-paragraph\">Luego record\u00f3 una de las ense\u00f1anzas que, seg\u00fan explic\u00f3, atraves\u00f3 toda la historia de la empresa:&nbsp;<strong>\u201c\u00c9l nos ense\u00f1\u00f3 que la calidad no se negocia y que detr\u00e1s de cada taza est\u00e1 la pasi\u00f3n y el profesionalismo\u201d<\/strong>.<\/p>\n\n\n\n<figure class=\"wp-block-image\"><img decoding=\"async\" src=\"https:\/\/www.revistagente.com\/wp-content\/uploads\/2026\/09\/discurso-martin-cabrales-en-el-senado-1024x683.jpg.webp\" alt=\"\" class=\"wp-image-688035\"\/><figcaption class=\"wp-element-caption\">Mart\u00edn Cabrales durante su discurso tras recibir la Menci\u00f3n de Honor \u201cPresidente Julio Argentino Roca\u201d.<\/figcaption><\/figure>\n\n\n\n<p class=\"wp-block-paragraph\">Emocionado, el empresario recibi\u00f3 la distinci\u00f3n&nbsp;<strong>en nombre de toda su familia<\/strong>&nbsp;y destac\u00f3 especialmente la continuidad generacional de la compa\u00f1\u00eda. Actualmente, la cuarta generaci\u00f3n ya se incorpor\u00f3 al proyecto familiar, manteniendo, seg\u00fan se\u00f1al\u00f3 Cabrales, los principios que acompa\u00f1an a la firma desde sus comienzos.<\/p>\n\n\n\n<h2 class=\"wp-block-heading\">Todas las figuras que lo acompa\u00f1aron<\/h2>\n\n\n\n<figure class=\"wp-block-image is-resized\"><img decoding=\"async\" src=\"https:\/\/www.revistagente.com\/wp-content\/uploads\/2026\/09\/distincion-Senado-Martin-Cabrales-4.jpg.webp\" alt=\"\" class=\"wp-image-687993\" style=\"aspect-ratio:0.6666666666666666;width:800px;height:auto\"\/><figcaption class=\"wp-element-caption\">Joaqu\u00edn Mar\u00eda de Ar\u00edstegui Laborde, embajador de Espa\u00f1a; Amalia Amoedo, presidenta de la Fundaci\u00f3n Polic\u00eda Federal y Fundaci\u00f3n Ama Amodeo; Mar\u00eda Podest\u00e1, embajadora de la Soberana Orden de Malta; y Mauritz Verheijden, embajador de Pa\u00edses Bajos.<\/figcaption><\/figure>\n\n\n\n<figure class=\"wp-block-image is-resized\"><img decoding=\"async\" src=\"https:\/\/www.revistagente.com\/wp-content\/uploads\/2026\/09\/distincion-Senado-Martin-Cabrales-7.jpg.webp\" alt=\"\" class=\"wp-image-687996\" style=\"aspect-ratio:0.6666666666666666;width:800px;height:auto\"\/><figcaption class=\"wp-element-caption\">El senador Carlos Esp\u00ednola y Juan Manuel Abal Medina.<\/figcaption><\/figure>\n\n\n\n<figure class=\"wp-block-image is-resized\"><img decoding=\"async\" src=\"https:\/\/www.revistagente.com\/wp-content\/uploads\/2026\/09\/distincion-Senado-Martin-Cabrales-12.jpg.webp\" alt=\"\" class=\"wp-image-688001\" style=\"aspect-ratio:1.5;width:1200px;height:auto\"\/><figcaption class=\"wp-element-caption\">Germ\u00e1n, Mart\u00edn y Marcos Cabrales junto al senador Maximiliano Abad.<\/figcaption><\/figure>\n\n\n\n<figure class=\"wp-block-image is-resized\"><img decoding=\"async\" src=\"https:\/\/www.revistagente.com\/wp-content\/uploads\/2026\/09\/distincion-Senado-Martin-Cabrales-1.jpg.webp\" alt=\"\" class=\"wp-image-687990\" style=\"aspect-ratio:1.5;width:1200px;height:auto\"\/><figcaption class=\"wp-element-caption\">Marcos Cabrales, Daniel Funes de Rioja, Adelmo Gabbi y Natalio Mario Grinman.<\/figcaption><\/figure>\n\n\n\n<figure class=\"wp-block-image is-resized\"><img decoding=\"async\" src=\"https:\/\/www.revistagente.com\/wp-content\/uploads\/2026\/09\/distincion-Senado-Martin-Cabrales-2.jpg.webp\" alt=\"\" class=\"wp-image-687991\" style=\"aspect-ratio:0.6666666666666666;width:800px;height:auto\"\/><figcaption class=\"wp-element-caption\">El actor Paulo Brunetti y Luis Ovsejevich, presidente de la Fundaci\u00f3n Konex.<\/figcaption><\/figure>\n\n\n\n<figure class=\"wp-block-image is-resized\"><img decoding=\"async\" src=\"https:\/\/www.revistagente.com\/wp-content\/uploads\/2026\/09\/distincion-Senado-Martin-Cabrales-3.jpg.webp\" alt=\"\" class=\"wp-image-687992\" style=\"aspect-ratio:0.6666666666666666;width:800px;height:auto\"\/><figcaption class=\"wp-element-caption\">Mar\u00eda Podest\u00e1 y Miriam Bag\u00f3.<\/figcaption><\/figure>\n\n\n\n<figure class=\"wp-block-image is-resized\"><img decoding=\"async\" src=\"https:\/\/www.revistagente.com\/wp-content\/uploads\/2026\/09\/distincion-Senado-Martin-Cabrales-6.jpg.webp\" alt=\"\" class=\"wp-image-687995\" style=\"aspect-ratio:1.5;width:1200px;height:auto\"\/><figcaption class=\"wp-element-caption\">Los embajadores Jos\u00e9 Acosta Ramos (Colombia), Gonzalo Uriarte Herrera (Chile), Diego C\u00e1nepa (Uruguay), Stewart Ross Wheeler (Canad\u00e1), Mar\u00eda Podest\u00e1 (Orden de Malta), Joaqu\u00ed Mar\u00eda de Ar\u00edstegui Laborde (Espa\u00f1a) y Mauritz Verheijden (Pa\u00edses Bajos).<\/figcaption><\/figure>\n\n\n\n<figure class=\"wp-block-image is-resized\"><img decoding=\"async\" src=\"https:\/\/www.revistagente.com\/wp-content\/uploads\/2026\/09\/juan-astibia-y-amalia-amoedo.jpg.webp\" alt=\"\" class=\"wp-image-688044\" style=\"aspect-ratio:0.6666666666666666;width:800px;height:auto\"\/><figcaption class=\"wp-element-caption\">Juan Astibia, CEO de Atl\u00e1ntida, y Amalia Amoedo.<\/figcaption><\/figure>\n\n\n\n<figure class=\"wp-block-image is-resized\"><img decoding=\"async\" src=\"https:\/\/www.revistagente.com\/wp-content\/uploads\/2026\/09\/distincion-Senado-Martin-Cabrales-10.jpg.webp\" alt=\"\" class=\"wp-image-687999\" style=\"aspect-ratio:0.6666666666666666;width:800px;height:auto\"\/><figcaption class=\"wp-element-caption\">Fabi\u00e1n Perechodnik, Mart\u00edn Cabrales y Juan Astibia.<\/figcaption><\/figure>\n\n\n\n<figure class=\"wp-block-image is-resized\"><img decoding=\"async\" src=\"https:\/\/www.revistagente.com\/wp-content\/uploads\/2026\/09\/distincion-Senado-Martin-Cabrales-9.jpg.webp\" alt=\"\" class=\"wp-image-687998\" style=\"aspect-ratio:0.6666666666666666;width:800px;height:auto\"\/><figcaption class=\"wp-element-caption\">Mart\u00edn Cabrales y Juan Astibia.<\/figcaption><\/figure>\n\n\n\n<figure class=\"wp-block-image is-resized\"><img decoding=\"async\" src=\"https:\/\/www.revistagente.com\/wp-content\/uploads\/2026\/09\/distincion-Senado-Martin-Cabrales-8.jpg.webp\" alt=\"\" class=\"wp-image-687997\" style=\"aspect-ratio:0.6666666666666666;width:800px;height:auto\"\/><figcaption class=\"wp-element-caption\">Juan Astibia y Leo Mateu.<\/figcaption><\/figure>\n\n\n\n<figure class=\"wp-block-image is-resized\"><img decoding=\"async\" src=\"https:\/\/www.revistagente.com\/wp-content\/uploads\/2026\/09\/IMG_0369.jpg.webp\" alt=\"\" class=\"wp-image-687638\" style=\"aspect-ratio:0.6666666666666666;width:1000px;height:auto\"\/><figcaption class=\"wp-element-caption\">Zulemita Menem y Rodolfo D&#8217;Onofrio.<\/figcaption><\/figure>\n\n\n\n<figure class=\"wp-block-image is-resized\"><img decoding=\"async\" src=\"https:\/\/www.revistagente.com\/wp-content\/uploads\/2026\/09\/IMG_0376.jpg.webp\" alt=\"\" class=\"wp-image-687640\" style=\"aspect-ratio:0.6666666666666666;width:1000px;height:auto\"\/><figcaption class=\"wp-element-caption\">H\u00e9ctor Vidal Rivas.<\/figcaption><\/figure>\n\n\n\n<figure class=\"wp-block-image\"><img decoding=\"async\" src=\"https:\/\/www.revistagente.com\/wp-content\/uploads\/2026\/09\/IMG_0391-1024x683.jpg.webp\" alt=\"\" class=\"wp-image-687644\"\/><figcaption class=\"wp-element-caption\">Fabi\u00e1n Perechodnik, Amalia Amoedo, Juan Manuel Abal Medina, Zulemita Menem y Rodolfo D&#8217;Onofrio.<\/figcaption><\/figure>\n\n\n\n<figure class=\"wp-block-image is-resized\"><img decoding=\"async\" src=\"https:\/\/www.revistagente.com\/wp-content\/uploads\/2026\/09\/IMG_0440.jpg.webp\" alt=\"\" class=\"wp-image-687652\" style=\"aspect-ratio:0.6666666666666666;width:1000px;height:auto\"\/><figcaption class=\"wp-element-caption\">Gino Bogani y Graciela Borges.<\/figcaption><\/figure>\n\n\n\n<figure class=\"wp-block-image is-resized\"><img decoding=\"async\" src=\"https:\/\/www.revistagente.com\/wp-content\/uploads\/2026\/09\/IMG_0551.jpg.webp\" alt=\"\" style=\"aspect-ratio:0.6666666666666666;width:1000px;height:auto\"\/><figcaption class=\"wp-element-caption\">Mart\u00edn Cabrales y Evelyn Scheidl.<\/figcaption><\/figure>\n\n\n\n<p class=\"wp-block-paragraph\"><\/p>\n","protected":false},"excerpt":{"rendered":"<p>https:\/\/www.revistagente.com\/galerias\/todas-las-fotos-del-reconocimiento-a-martin-cabrales-en-el-senado-de-graciela-borges-a-zulemita-menem-las-figuras-que-lo-acompanaron Mart\u00edn Cabrales&nbsp;recibi\u00f3 uno de los reconocimientos institucionales m\u00e1s destacados a su trayectoria empresarial. En una ceremonia realizada en el Sal\u00f3n Azul del Congreso de la Naci\u00f3n, fue distinguido con la&nbsp;Menci\u00f3n de Honor \u201cPresidente Julio Argentino Roca\u201d, otorgada por el Senado de la Naci\u00f3n. El reconocimiento, destinado a emprendedores que se destacan por su trayectoria, [&#8230;]\n","protected":false},"author":2,"featured_media":0,"comment_status":"closed","ping_status":"closed","sticky":false,"template":"","format":"standard","meta":{"footnotes":""},"categories":[43],"tags":[],"class_list":["post-4798","post","type-post","status-publish","format-standard","hentry","category-revista-gente"],"_links":{"self":[{"href":"https:\/\/www.martincabrales.com.ar\/index.php?rest_route=\/wp\/v2\/posts\/4798","targetHints":{"allow":["GET"]}}],"collection":[{"href":"https:\/\/www.martincabrales.com.ar\/index.php?rest_route=\/wp\/v2\/posts"}],"about":[{"href":"https:\/\/www.martincabrales.com.ar\/index.php?rest_route=\/wp\/v2\/types\/post"}],"author":[{"embeddable":true,"href":"https:\/\/www.martincabrales.com.ar\/index.php?rest_route=\/wp\/v2\/users\/2"}],"replies":[{"embeddable":true,"href":"https:\/\/www.martincabrales.com.ar\/index.php?rest_route=%2Fwp%2Fv2%2Fcomments&post=4798"}],"version-history":[{"count":1,"href":"https:\/\/www.martincabrales.com.ar\/index.php?rest_route=\/wp\/v2\/posts\/4798\/revisions"}],"predecessor-version":[{"id":4799,"href":"https:\/\/www.martincabrales.com.ar\/index.php?rest_route=\/wp\/v2\/posts\/4798\/revisions\/4799"}],"wp:attachment":[{"href":"https:\/\/www.martincabrales.com.ar\/index.php?rest_route=%2Fwp%2Fv2%2Fmedia&parent=4798"}],"wp:term":[{"taxonomy":"category","embeddable":true,"href":"https:\/\/www.martincabrales.com.ar\/index.php?rest_route=%2Fwp%2Fv2%2Fcategories&post=4798"},{"taxonomy":"post_tag","embeddable":true,"href":"https:\/\/www.martincabrales.com.ar\/index.php?rest_route=%2Fwp%2Fv2%2Ftags&post=4798"}],"curies":[{"name":"wp","href":"https:\/\/api.w.org\/{rel}","templated":true}]}}