{"id":4780,"date":"2026-09-02T19:11:38","date_gmt":"2026-09-02T19:11:38","guid":{"rendered":"https:\/\/www.martincabrales.com.ar\/?p=4780"},"modified":"2026-09-02T19:11:40","modified_gmt":"2026-09-02T19:11:40","slug":"90-fotos-martin-cabrales-recibio-la-mencion-de-honor-presidente-julio-argentino-roca","status":"publish","type":"post","link":"https:\/\/www.martincabrales.com.ar\/?p=4780","title":{"rendered":"90 fotos: Mart\u00edn Cabrales recibi\u00f3 la Menci\u00f3n de Honor \u201cPresidente Julio Argentino Roca\u201d"},"content":{"rendered":"\n<p class=\"wp-block-paragraph\"><a href=\"https:\/\/www.infobae.com\/fotos\/2026\/09\/02\/90-fotos-martin-cabrales-recibio-la-mencion-de-honor-presidente-julio-argentino-roca\" target=\"_blank\" rel=\"noopener\">https:\/\/www.infobae.com\/fotos\/2026\/09\/02\/90-fotos-martin-cabrales-recibio-la-mencion-de-honor-presidente-julio-argentino-roca<\/a><\/p>\n\n\n\n<h1 class=\"wp-block-heading\">Mart\u00edn Cabrales recibi\u00f3 la Menci\u00f3n de Honor \u201cPresidente Julio Argentino Roca\u201d<\/h1>\n\n\n\n<h2 class=\"wp-block-heading\">La ceremonia se llev\u00f3 a cabo en el Sal\u00f3n Azul del Senado, donde destacadas personalidades se acercaron a felicitar al empresario<\/h2>\n\n\n\n<p class=\"wp-block-paragraph\">Por<a href=\"https:\/\/www.infobae.com\/autor\/soledad-blardone\/\" target=\"_blank\" rel=\"noopener\">Soledad Blardone<\/a><a href=\"https:\/\/profile.google.com\/cp\/CgsvbS8wMTI1aDVmaA\" rel=\"noopener\" target=\"_blank\">Seguir<\/a><img loading=\"lazy\" decoding=\"async\" alt=\"Menci\u00f3n de honor a Mart\u00edn Cabrales\" height=\"1333\" width=\"2000\" src=\"https:\/\/www.infobae.com\/resizer\/v2\/PTQP7LKFIJCERF3E74XF5VLINE.jpg?auth=da77b650d609c92321a0f96fcb0762534d5404ad158ce2732459b7149c982015&amp;smart=true&amp;width=350&amp;height=233&amp;quality=85\">Mart\u00edn Cabrales recibi\u00f3 la Menci\u00f3n de Honor del Senado de la Naci\u00f3n \u201cPresidente Julio Argentino Roca\u201d, una distinci\u00f3n destinada a emprendedores de sobresaliente trayectoria, visi\u00f3n e innovaci\u00f3n, cuyo impacto positivo y contribuci\u00f3n al crecimiento econ\u00f3mico resultan relevantes para el progreso de la Argentina y el bienestar de la sociedad<\/p>\n\n\n\n<p class=\"wp-block-paragraph\">02 Sep, 2026 12:15 a. m. AR<img loading=\"lazy\" decoding=\"async\" alt=\"Menci\u00f3n de honor a Mart\u00edn Cabrales\" height=\"1331\" width=\"2000\" src=\"https:\/\/www.infobae.com\/resizer\/v2\/P7VWFXKWGNH2VDLNM7FRTP57NQ.jpg?auth=254b4fe4cf2a9180208385203a246eb8f858b4ec87bb4eed789525dbfab6a849&amp;smart=true&amp;width=350&amp;height=233&amp;quality=85\">La distinci\u00f3n fue entregada por el senador nacional, Maximiliano Abad, durante una ceremonia realizada en el Sal\u00f3n Azul del Senado, en reconocimiento a la trayectoria del empresario marplatense y su aporte al desarrollo de la industria nacional<img loading=\"lazy\" decoding=\"async\" alt=\"Menci\u00f3n de honor a Mart\u00edn Cabrales\" height=\"2000\" width=\"1230\" src=\"https:\/\/www.infobae.com\/resizer\/v2\/373GBNUYBBH5XMAAGTD2QUZMMU.jpg?auth=89682f2545842364f77e46f22a9f28308f9dfd163816ca854900d494b7ec1372&amp;smart=true&amp;width=350&amp;height=569&amp;quality=85\">El presidente provisional del Senado, Bartolom\u00e9 Abdala<img loading=\"lazy\" decoding=\"async\" alt=\"Menci\u00f3n de honor a Mart\u00edn Cabrales\" height=\"1331\" width=\"2000\" src=\"https:\/\/www.infobae.com\/resizer\/v2\/KZJH2OQX6ZECNNDN2DZGNC6KBU.jpg?auth=f16289fbaff9e3f709c75f1dd8103d66ca2808537ba0b6a3660dceb30e3b24da&amp;smart=true&amp;width=350&amp;height=233&amp;quality=85\">El empresario junto a sus hermanos, Germ\u00e1n y Marcos<img loading=\"lazy\" decoding=\"async\" alt=\"Menci\u00f3n de honor a Mart\u00edn Cabrales\" height=\"1331\" width=\"2000\" src=\"https:\/\/www.infobae.com\/resizer\/v2\/TI4GX665F5HRVBG3A6IS6OLMA4.jpg?auth=19e3ec2aafaf5c1c5403a10c99e7cf766056c1c4e5917ca84dd42dd8c7b75d7e&amp;smart=true&amp;width=350&amp;height=233&amp;quality=85\">\u201cTuvimos la suerte de que mi abuelo eligiera Mar del Plata, ah\u00ed naci\u00f3 nuestro ADN marplatense, industrial y de servicio. El que nos ense\u00f1\u00f3 que la calidad no se negocia y que, detr\u00e1s de cada taza, esta la pasi\u00f3n y el profesionalismo por lo que hacemos\u201d, resalt\u00f3 Mart\u00edn Cabrales<img loading=\"lazy\" decoding=\"async\" alt=\"Menci\u00f3n de honor a Mart\u00edn Cabrales\" height=\"1333\" width=\"2000\" src=\"https:\/\/www.infobae.com\/resizer\/v2\/5ZP6UORTP5HYBCDELKV5NUKMEQ.jpg?auth=b5f592bd776fcd51dcfe7c4f81987842750454fbc8c1fc548a9432bed4d4acea&amp;smart=true&amp;width=350&amp;height=233&amp;quality=85\">Las palabras del abogado, Daniel Funes de Rioja, acad\u00e9mico de Derecho y presidente de la Academia Nacional de Ciencias de la Empresa (ANCEM)<img loading=\"lazy\" decoding=\"async\" alt=\"Menci\u00f3n de honor a Mart\u00edn Cabrales\" height=\"1333\" width=\"2000\" src=\"https:\/\/www.infobae.com\/resizer\/v2\/O36RU2AWIRDNHPKZ4YESXT7PHU.jpg?auth=ca321b77d8b8b46f51ddd83533db437d9103083b7398f6660f7260487485bc2c&amp;smart=true&amp;width=350&amp;height=233&amp;quality=85\">Maximiliano Abad destac\u00f3 la trayectoria de Cabrales y su capacidad para trascender el \u00e1mbito empresarial<img loading=\"lazy\" decoding=\"async\" alt=\"Menci\u00f3n de honor a Mart\u00edn Cabrales\" height=\"1168\" width=\"2000\" src=\"https:\/\/www.infobae.com\/resizer\/v2\/AD5MGTTN3ZGH3A5N7EWQW5SEL4.jpg?auth=1ac1e950b9c1445c40672ce202a6a01f7e6d5342df9735fdc71f2882e600b446&amp;smart=true&amp;width=350&amp;height=204&amp;quality=85\">\u201cEntregarle esta Menci\u00f3n es reconocer a una figura de relevancia nacional, que desde su lugar construy\u00f3 puentes, gener\u00f3 consensos y represent\u00f3, con prestigio y generosidad, lo mejor de nuestro pa\u00eds\u201d, expres\u00f3 Abad<img loading=\"lazy\" decoding=\"async\" alt=\"Menci\u00f3n de honor a Mart\u00edn Cabrales\" height=\"1138\" width=\"2000\" src=\"https:\/\/www.infobae.com\/resizer\/v2\/OMRP3PRMRZBWDGJU4RHZBUHH34.jpg?auth=802c5e5e7fd21c2d5f3188821eb686d2471d2f928f41d2a2baf73a48998876fc&amp;smart=true&amp;width=350&amp;height=199&amp;quality=85\">\u201cSoy el mayor de la tercera generaci\u00f3n y es un orgullo saber que ya est\u00e1 la cuarta formando parte de la empresa, porque se seguir\u00e1n manteniendo los mismos principios y fundamentos que nos inculcaron y con los que crecimos: calidad, servicio y una marca prestigiosa\u201d, indic\u00f3 Mart\u00edn Cabrales<img loading=\"lazy\" decoding=\"async\" alt=\"Menci\u00f3n de honor a Mart\u00edn Cabrales\" height=\"1331\" width=\"2000\" src=\"https:\/\/www.infobae.com\/resizer\/v2\/UJHMHAO2TBFB7IXMGMWEZYHBVQ.jpg?auth=c13b330ce7c95c822f730684d049b35a3c99a60d69693eb1d2aa98ec2d1b5afa&amp;smart=true&amp;width=350&amp;height=233&amp;quality=85\">La Menci\u00f3n de Honor \u00abPresidente Julio Argentino Roca\u00bb<img loading=\"lazy\" decoding=\"async\" alt=\"Menci\u00f3n de honor a Mart\u00edn Cabrales\" height=\"2000\" width=\"1331\" src=\"https:\/\/www.infobae.com\/resizer\/v2\/WKNFY5VITREOLD6LWXVR3GURTI.jpg?auth=69ebadee707438264b2685763b9e73607af2f30d1791f6f5057314f08867b0c4&amp;smart=true&amp;width=350&amp;height=526&amp;quality=85\">Graciela Borges y Mart\u00edn Cabrales<img loading=\"lazy\" decoding=\"async\" alt=\"Menci\u00f3n de honor a Mart\u00edn Cabrales\" height=\"1500\" width=\"2000\" src=\"https:\/\/www.infobae.com\/resizer\/v2\/5CKJMAXUSZHDTAYU2DAKNIIK4M.jpg?auth=57e2f5e25b8b2f2673d50fb6f11d9bd1b0afda258d1fba98ca1254e473eca255&amp;smart=true&amp;width=350&amp;height=263&amp;quality=85\">Mirtha Legrand, gran amiga del empresario, hizo llegar sus felicitaciones a trav\u00e9s de un v\u00eddeo<img loading=\"lazy\" decoding=\"async\" alt=\"Menci\u00f3n de honor a Mart\u00edn Cabrales\" height=\"2000\" width=\"1331\" src=\"https:\/\/www.infobae.com\/resizer\/v2\/3NQAONQH65AJBNJJJK4RKF3RWI.jpg?auth=f7cb8f5878be59cef62277c86859237557fc1c24c57e518deaff9e54dc54a1b7&amp;smart=true&amp;width=350&amp;height=526&amp;quality=85\">El embajador de los Pa\u00edses Bajos en Argentina, Paraguay y Uruguay, Mauritz Verheijden<img loading=\"lazy\" decoding=\"async\" alt=\"Menci\u00f3n de honor a Mart\u00edn Cabrales\" height=\"2000\" width=\"1331\" src=\"https:\/\/www.infobae.com\/resizer\/v2\/S3TNU2WQ4FCARAI5G5NA4ZI7AI.jpg?auth=d9beef68650054fff7a38b8aa2a3c6f3824fd01f667c08e51e1aefc3b4dfbb13&amp;smart=true&amp;width=350&amp;height=526&amp;quality=85\">Gonzalo Cristian Uriarte Herrera, embajador de Chile<img loading=\"lazy\" decoding=\"async\" alt=\"Menci\u00f3n de honor a Mart\u00edn Cabrales\" height=\"1331\" width=\"2000\" src=\"https:\/\/www.infobae.com\/resizer\/v2\/3ZMWP2DFHVEQFCWUWKGBFTEZDM.jpg?auth=30778563ce140b1aa8d026f8ff6f503fa0a72bbae5f36a955826f89cc969e02e&amp;smart=true&amp;width=350&amp;height=233&amp;quality=85\">Zulemita Menem y Rodolfo D&#8217;Onofrio, ex presidente de River Plate<img loading=\"lazy\" decoding=\"async\" alt=\"Menci\u00f3n de honor a Mart\u00edn Cabrales\" height=\"2000\" width=\"1331\" src=\"https:\/\/www.infobae.com\/resizer\/v2\/54X5HXVTVJEJ3HQSLQSPANXADI.jpg?auth=e13afc0f18a449c6f8f00919018adc8187d13fd55f97d61c70a75b741c291674&amp;smart=true&amp;width=350&amp;height=526&amp;quality=85\">Fabi\u00e1n Perechodnik y Amalia Amoedo<img loading=\"lazy\" decoding=\"async\" alt=\"Menci\u00f3n de honor a Mart\u00edn Cabrales\" height=\"1333\" width=\"2000\" src=\"https:\/\/www.infobae.com\/resizer\/v2\/QTJ43JOGZBFAZP7L3EZOKTLZYE.jpg?auth=fe36d262077332d96aa0b1e812c7b8dfad947d207ac38a8b146a8e44af0c8fd0&amp;smart=true&amp;width=350&amp;height=233&amp;quality=85\">El senador nacional, Carlos \u00abCamau\u00bb Esp\u00ednola<img loading=\"lazy\" decoding=\"async\" alt=\"Menci\u00f3n de honor a Mart\u00edn Cabrales\" height=\"1331\" width=\"2000\" src=\"https:\/\/www.infobae.com\/resizer\/v2\/FCWGAIGGOFGLLMARXJZOCIZH6U.jpg?auth=071ff8831012404961686e266de6adc29afbbc759de1d79a92cbef4558f4e231&amp;smart=true&amp;width=350&amp;height=233&amp;quality=85\">El empresario Adri\u00e1n Werthein; Mar\u00eda Luisa Macchiavello, presidente de Droguer\u00eda del Sud; el presidente de la C\u00e1mara Argentina de Comercio y Servicios, Mario Natalio Grinman; y la abogada Fabiana Ricagno, fundadora de Pollera Pantal\u00f3n<img loading=\"lazy\" decoding=\"async\" alt=\"Menci\u00f3n de honor a Mart\u00edn Cabrales\" height=\"1331\" width=\"2000\" src=\"https:\/\/www.infobae.com\/resizer\/v2\/56GGUX3KDJCX7MTXEJ7YJOFEGI.jpg?auth=b722692fa9597557149b96001b13ef92505b0638ca3422db9eccd432f26a17ab&amp;smart=true&amp;width=350&amp;height=233&amp;quality=85\">El empresario Jos\u00e9 Urtubey y su mujer, Soledad Bonzi<img loading=\"lazy\" decoding=\"async\" alt=\"Menci\u00f3n de honor a Mart\u00edn Cabrales\" height=\"1331\" width=\"2000\" src=\"https:\/\/www.infobae.com\/resizer\/v2\/S7CUHI6ZG5GBZKZ5JSMIIOUE5M.jpg?auth=8db6e24fee5ba544641f5f000eb7991377608a5c9d9501b543841c3c1ee4ebb6&amp;smart=true&amp;width=350&amp;height=233&amp;quality=85\">Mart\u00edn Uriburu, Tato Lanusse, Mart\u00edn Cabrales y Rodolfo Smth Estrada<img loading=\"lazy\" decoding=\"async\" alt=\"Menci\u00f3n de honor a Mart\u00edn Cabrales\" height=\"2000\" width=\"1331\" src=\"https:\/\/www.infobae.com\/resizer\/v2\/J3ADJKWH35HZBLIUYINJ22IXEI.jpg?auth=d696d535d02a2c33c07799294a2ce2591f33084830f7c8a76b108ab08c7a3b79&amp;smart=true&amp;width=350&amp;height=526&amp;quality=85\">El presidente de la Fundaci\u00f3n Konex, Luis Ovsejevich<img loading=\"lazy\" decoding=\"async\" alt=\"Menci\u00f3n de honor a Mart\u00edn Cabrales\" height=\"1331\" width=\"2000\" src=\"https:\/\/www.infobae.com\/resizer\/v2\/3ADKAJXCIFB43EPY44M3FLF7TM.jpg?auth=0bd266f7e1bcccbc2cb540110a2d49fa7ea6a0ae547497214e7ad98ad1581981&amp;smart=true&amp;width=350&amp;height=233&amp;quality=85\">Camila Cabrales, hija del empresario, junto a su marido, Darius O&#8217;Neal Turner<img loading=\"lazy\" decoding=\"async\" alt=\"Menci\u00f3n de honor a Mart\u00edn Cabrales\" height=\"2000\" width=\"1331\" src=\"https:\/\/www.infobae.com\/resizer\/v2\/5O4JZ6FA4FGF3A7TXM2JJZBZSU.jpg?auth=c8f363df7f33dfc2c2278dc45a032ca3094048a319d05270932d8534b8970ab0&amp;smart=true&amp;width=350&amp;height=526&amp;quality=85\">Dora S\u00e1nchez y Mart\u00edn Cabrales<img loading=\"lazy\" decoding=\"async\" alt=\"Menci\u00f3n de honor a Mart\u00edn Cabrales\" height=\"2000\" width=\"1331\" src=\"https:\/\/www.infobae.com\/resizer\/v2\/3MAA5LDYJZAIZE3S4ULUQCKFRE.jpg?auth=1d929f16b2c165e3d67b164d936a825802e9f7782edbaae008f262826bf77de6&amp;smart=true&amp;width=350&amp;height=526&amp;quality=85\">Mart\u00edn Cabrales y Amalia Amoedo<img loading=\"lazy\" decoding=\"async\" alt=\"Menci\u00f3n de honor a Mart\u00edn Cabrales\" height=\"2000\" width=\"1331\" src=\"https:\/\/www.infobae.com\/resizer\/v2\/OTUYK7YHQFC7XBBMOM3LGLQNSU.jpg?auth=70129f5863126ae21b9ad4c3d8d652eae3889aa0094526f88569a6d1e48c4615&amp;smart=true&amp;width=350&amp;height=526&amp;quality=85\">Mar\u00eda Luisa Macchiavello, presidente de Droguer\u00eda del Sud, y Miriam Bag\u00f3, vicepresidente de la Fundaci\u00f3n Fern\u00e1ndez<img loading=\"lazy\" decoding=\"async\" alt=\"Menci\u00f3n de honor a Mart\u00edn Cabrales\" height=\"2000\" width=\"1331\" src=\"https:\/\/www.infobae.com\/resizer\/v2\/3BCZVDWYQ5HIXIWS6P3Q6A5F6E.jpg?auth=ecac638eca20f0ff49d2c58080352f2adb591be7d660e3a3b91af646a050464e&amp;smart=true&amp;width=350&amp;height=526&amp;quality=85\">El ex jefe de Gabinete, Juan Manuel Abal Medina<img loading=\"lazy\" decoding=\"async\" alt=\"Menci\u00f3n de honor a Mart\u00edn Cabrales\" height=\"2000\" width=\"1331\" src=\"https:\/\/www.infobae.com\/resizer\/v2\/4M4BVGWI6NDXHFTW62TKD6IEVE.jpg?auth=a8bd40d2838bad262f604144eb643ccc39694baef810c586621f12145baa2f81&amp;smart=true&amp;width=350&amp;height=526&amp;quality=85\">El embajador de Canad\u00e1, Stewart Ross Wheeler<img loading=\"lazy\" decoding=\"async\" alt=\"Menci\u00f3n de honor a Mart\u00edn Cabrales\" height=\"2000\" width=\"1331\" src=\"https:\/\/www.infobae.com\/resizer\/v2\/I4DIIBNIFFDSRBTLCVBMYX2BKI.jpg?auth=8b841121e47b546fc3700435ed4a0c08638f0155e77ccce26fe55decd2c4785a&amp;smart=true&amp;width=350&amp;height=526&amp;quality=85\">El embajador de Espa\u00f1a, Joaqu\u00edn Mar\u00eda de Aristegui Laborde<img loading=\"lazy\" decoding=\"async\" alt=\"Menci\u00f3n de honor a Mart\u00edn Cabrales\" height=\"2000\" width=\"1331\" src=\"https:\/\/www.infobae.com\/resizer\/v2\/SNU6VBE5WJHJNHYGJ5NUKGXRAE.jpg?auth=cdbc057c932fc1a761f8a4b82096e001c9950377791cd2264bd472187bba3fc2&amp;smart=true&amp;width=350&amp;height=526&amp;quality=85\">Gustavo Weiss, presidente de la C\u00e1mara Argentina de la Construcci\u00f3n, y su mujer Myriam Levi<img loading=\"lazy\" decoding=\"async\" alt=\"Menci\u00f3n de honor a Mart\u00edn Cabrales\" height=\"2000\" width=\"1331\" src=\"https:\/\/www.infobae.com\/resizer\/v2\/EUVFUCM6ZRG3HDY7J4VOYWYA2M.jpg?auth=8678e63a12b00a83ad46da000d23b1927f032fc24d93ef8e114cd536f4a17c7f&amp;smart=true&amp;width=350&amp;height=526&amp;quality=85\">Alejandro \u00abJandri\u00bb Blaquier y Agustina Braun Blaquier junto a Tato Lanusse<img loading=\"lazy\" decoding=\"async\" alt=\"Menci\u00f3n de honor a Mart\u00edn Cabrales\" height=\"2000\" width=\"1331\" src=\"https:\/\/www.infobae.com\/resizer\/v2\/64NGBSAKJZEVDAPSZWBZY2U73A.jpg?auth=fbd0469fa01403b3bec7d68060ba03a647a485839031a948ed02e5a86387b0e5&amp;smart=true&amp;width=350&amp;height=526&amp;quality=85\">El empresario Miguel Sulichin<img loading=\"lazy\" decoding=\"async\" alt=\"Menci\u00f3n de honor a Mart\u00edn Cabrales\" height=\"2000\" width=\"1331\" src=\"https:\/\/www.infobae.com\/resizer\/v2\/IELXANKSAFFCHB4RTO44NB5STQ.jpg?auth=1226d296fa2396ec62c56c98ef3885cbf40dea55a1a53e1b708ce0c536a61491&amp;smart=true&amp;width=350&amp;height=526&amp;quality=85\">El empresario Marcelo Paz y Mart\u00edn Cabrales<img loading=\"lazy\" decoding=\"async\" alt=\"Menci\u00f3n de honor a Mart\u00edn Cabrales\" height=\"2000\" width=\"1331\" src=\"https:\/\/www.infobae.com\/resizer\/v2\/5BOJZ4DGENBLLGFQIVXJHW7DKU.jpg?auth=1461c10e64223c79c66490e088e98c23df0bda7876860fccde9f3b7022bf45ca&amp;smart=true&amp;width=350&amp;height=526&amp;quality=85\">Junto al senador nacional Maximiliano Abad y el presidente de la UIA, Mart\u00edn Rapallini<img loading=\"lazy\" decoding=\"async\" alt=\"Menci\u00f3n de honor a Mart\u00edn Cabrales\" height=\"2000\" width=\"1331\" src=\"https:\/\/www.infobae.com\/resizer\/v2\/4DOKSMJI3NCFRBI6JMCXJNQ3CE.jpg?auth=f5a78c0ad389acd7ac644fe5a944817fb14a3729a900a09cd19b1b523a1e03fc&amp;smart=true&amp;width=350&amp;height=526&amp;quality=85\">La embajadora de la Soberana Orden de Malta, Mar\u00eda Podest\u00e1<img loading=\"lazy\" decoding=\"async\" alt=\"Mart\u00edn Cabrales\" height=\"2883\" width=\"1920\" src=\"https:\/\/www.infobae.com\/resizer\/v2\/GQ7AHKTF55C3LLYL73OWGJ3QCI.jpg?auth=08b923fda70f135b7666ce77bbf38ae56c45f2b4e82f57fc66e4bce427d3a88a&amp;smart=true&amp;width=350&amp;height=526&amp;quality=85\">Gustavo Sofovich y Mart\u00edn Cabrales<img loading=\"lazy\" decoding=\"async\" alt=\"Mart\u00edn Cabrales\" height=\"3016\" width=\"4528\" src=\"https:\/\/www.infobae.com\/resizer\/v2\/2XT2STKZVZHSHEMXY65TOJ2USY.jpg?auth=ad603e7b4b7c4edf48f483e905a376eeda15a5d81a41b8ea580f927df2609e7c&amp;smart=true&amp;width=350&amp;height=233&amp;quality=85\">Mart\u00edn Uriburu y Gaspar Vinent<img loading=\"lazy\" decoding=\"async\" alt=\"Menci\u00f3n de honor a Mart\u00edn Cabrales\" height=\"2000\" width=\"1331\" src=\"https:\/\/www.infobae.com\/resizer\/v2\/3F6T2BYW2RGGZKUTPPTWP62ABI.jpg?auth=7c91b058341f121a2ec778d0d49bfa18c08a067e1bf9a23aa9ef5ecbffb640d6&amp;smart=true&amp;width=350&amp;height=526&amp;quality=85\">Joe Miranda y Mart\u00edn Cabrales<img loading=\"lazy\" decoding=\"async\" alt=\"Menci\u00f3n de honor a Mart\u00edn Cabrales\" height=\"1333\" width=\"2000\" src=\"https:\/\/www.infobae.com\/resizer\/v2\/VY633HT2GZG4TAWMDL3AFVWSI4.jpg?auth=5abc5377ae9c2f7c29ad0ffe3ac9dcf169100988b2b72d0ef2dba46783eb9a2f&amp;smart=true&amp;width=350&amp;height=233&amp;quality=85\">El embajador de Italia, Fabrizio Nicoletti<img loading=\"lazy\" decoding=\"async\" alt=\"Menci\u00f3n de honor a Mart\u00edn Cabrales\" height=\"2000\" width=\"1394\" src=\"https:\/\/www.infobae.com\/resizer\/v2\/RGNIVAOX5RASZLR563KBYDVN3Q.jpg?auth=eb0a9fd3135cf4f2fefa1b89ec634eac8c3b858e7420a45604e6ed8e5f2334d4&amp;smart=true&amp;width=350&amp;height=502&amp;quality=85\">Los empresarios Miguel Sulichin y Marcelo Paz junto a Dami\u00e1n Pozzoli, director de Banco Macro<img loading=\"lazy\" decoding=\"async\" alt=\"Menci\u00f3n de honor a Mart\u00edn Cabrales\" height=\"2000\" width=\"1331\" src=\"https:\/\/www.infobae.com\/resizer\/v2\/2T664KCW3ZGPHHPF7XN52WX4VU.jpg?auth=0ed9a6e1bce5b0c2447c22a5d3906d7c36568f1c924b86dce99dd15126710286&amp;smart=true&amp;width=350&amp;height=526&amp;quality=85\">Mar\u00eda Claudia Pedrayes<img loading=\"lazy\" decoding=\"async\" alt=\"Menci\u00f3n de honor a Mart\u00edn Cabrales\" height=\"2000\" width=\"1331\" src=\"https:\/\/www.infobae.com\/resizer\/v2\/VMQOG6BS45EUVP73ZTGZOSCXPU.jpg?auth=01c45e22560e110e255e69e388922bd3dfd661452543ea155530644aa2e75974&amp;smart=true&amp;width=350&amp;height=526&amp;quality=85\">Gerard Confalonieri<img loading=\"lazy\" decoding=\"async\" alt=\"Menci\u00f3n de honor a Mart\u00edn Cabrales\" height=\"2000\" width=\"1331\" src=\"https:\/\/www.infobae.com\/resizer\/v2\/AQIA6QER4ZGXBN5A2SHN4BMHAQ.jpg?auth=3b15f92d3808b72952525657b9b192f0f619187909ca6124b648b73e083f955d&amp;smart=true&amp;width=350&amp;height=526&amp;quality=85\">Luciano y Mart\u00edn Cabrales<img loading=\"lazy\" decoding=\"async\" alt=\"Menci\u00f3n de honor a Mart\u00edn Cabrales\" height=\"1333\" width=\"2000\" src=\"https:\/\/www.infobae.com\/resizer\/v2\/AUPBK6OXKFEFBCGX44CKSJGVCM.jpg?auth=a55dcead11e97a45a711c95799336664d492462f01013b77e2826bd2b538b20d&amp;smart=true&amp;width=350&amp;height=233&amp;quality=85\">Miriam Bag\u00f3 y Fabi\u00e1n Perechodnik<img loading=\"lazy\" decoding=\"async\" alt=\"Menci\u00f3n de honor a Mart\u00edn Cabrales\" height=\"1332\" width=\"2000\" src=\"https:\/\/www.infobae.com\/resizer\/v2\/CFCV5YDTONDEXGTBYFNBMRGFIQ.jpg?auth=b6193aade6b43715b478899f5451e4ad2ef0c842623d070c6a3b9cbd56dd5a58&amp;smart=true&amp;width=350&amp;height=233&amp;quality=85\">Carla Mart\u00edn Bonito, presidente de la Coordinadora de las Industrias de Productos Alimenticios (COPAL)<img loading=\"lazy\" decoding=\"async\" alt=\"Menci\u00f3n de honor a Mart\u00edn Cabrales\" height=\"1333\" width=\"2000\" src=\"https:\/\/www.infobae.com\/resizer\/v2\/4AWTBOUE6RDN3ALSFXFSDGND54.jpg?auth=df82a15d3a17a9263ba4f32acbbc6c108dce329a7d6fe417a9e35fb0da76b1c8&amp;smart=true&amp;width=350&amp;height=233&amp;quality=85\">Graciela Borges, Marina Rosenthal y Mar\u00eda In\u00e9s Cabrales<img loading=\"lazy\" decoding=\"async\" alt=\"Menci\u00f3n de honor a Mart\u00edn Cabrales\" height=\"1331\" width=\"2000\" src=\"https:\/\/www.infobae.com\/resizer\/v2\/V6M5KUEQIBCYBI4U3RZ3DQG5RA.jpg?auth=e7ccf85982276132d8015e7ac41529ad02205de1663ecd0b1fcb17e293d09dbe&amp;smart=true&amp;width=350&amp;height=233&amp;quality=85\">Alejandro y Cristina Elizalde junto a Jorge Ortiz (Academia Argentina de Gastronom\u00eda)<img loading=\"lazy\" decoding=\"async\" alt=\"Menci\u00f3n de honor a Mart\u00edn Cabrales\" height=\"1333\" width=\"2000\" src=\"https:\/\/www.infobae.com\/resizer\/v2\/DMY2PCRA4RA2VCV3MONZXXR7HE.jpg?auth=77ed30252aae81bd04b104c0e211cf97858de647142488d5effe7164076df6e8&amp;smart=true&amp;width=350&amp;height=233&amp;quality=85\">Liliana Barrionuevo, presidente de la Obra Social de la Uni\u00f3n de Trabajadores del Turismo, Hoteleros y Gastron\u00f3micos de la Rep\u00fablica Argentina (OSUTHGRA)<img loading=\"lazy\" decoding=\"async\" alt=\"Menci\u00f3n de honor a Mart\u00edn Cabrales\" height=\"1334\" width=\"2000\" src=\"https:\/\/www.infobae.com\/resizer\/v2\/A6SNQ5XGZBBNRBRPRIPSRHINB4.jpg?auth=8b0e0ac3503e784e4cf0b1e92f2c6690a57d52ea754e5bec6bceeaa6e488ece2&amp;smart=true&amp;width=350&amp;height=233&amp;quality=85\">Facundo Smith Estrada<img loading=\"lazy\" decoding=\"async\" alt=\"Menci\u00f3n de honor a Mart\u00edn Cabrales\" height=\"1331\" width=\"2000\" src=\"https:\/\/www.infobae.com\/resizer\/v2\/FVKJ2BSPS5H7FFFYTZYVEGIF44.jpg?auth=4d3e872d652d0c5bd7547b8dfeca807e194535c61ccae8d5198facddc2c74429&amp;smart=true&amp;width=350&amp;height=233&amp;quality=85\">Sof\u00eda Pefaure de \u00c1lzaga<img loading=\"lazy\" decoding=\"async\" alt=\"Menci\u00f3n de honor a Mart\u00edn Cabrales\" height=\"1331\" width=\"2000\" src=\"https:\/\/www.infobae.com\/resizer\/v2\/QYGBS5PE2FDT3AUJTNXV2KA5JY.jpg?auth=659f31e607e57c9ee1ee5a8909aa26114d47b0d55e79d3f5e0aa9fafda31ce28&amp;smart=true&amp;width=350&amp;height=233&amp;quality=85\">Marcos Cabrales, Daniel Funes de Rioja y Adelmo Gabbi, presidente de la Bolsa de Comercio de Buenos Aires<img loading=\"lazy\" decoding=\"async\" alt=\"Menci\u00f3n de honor a Mart\u00edn Cabrales\" height=\"2000\" width=\"1331\" src=\"https:\/\/www.infobae.com\/resizer\/v2\/673YBBF2DVGWBAFNIYHRKVA2GI.jpg?auth=e0a36f42e2d321646c7c4249444181f594b0979ce28d478f92644f7bdaedc0b3&amp;smart=true&amp;width=350&amp;height=526&amp;quality=85\">Leo Mateu y Gino Bogani<img loading=\"lazy\" decoding=\"async\" alt=\"Menci\u00f3n de honor a Mart\u00edn Cabrales\" height=\"2000\" width=\"1331\" src=\"https:\/\/www.infobae.com\/resizer\/v2\/6LEOBYOYERH4TNL4BK7O74D2UA.jpg?auth=d3e40cfa57e3e65d1fc7f6a3fa6cd124b0b9c98c2ab70d26e3a503289a5034b5&amp;smart=true&amp;width=350&amp;height=526&amp;quality=85\">El embajador de Canad\u00e1, Stewart Ross Wheeler, y el embajador de Uruguay, Diego C\u00e1nepa<img loading=\"lazy\" decoding=\"async\" alt=\"Menci\u00f3n de honor a Mart\u00edn Cabrales\" height=\"1331\" width=\"2000\" src=\"https:\/\/www.infobae.com\/resizer\/v2\/OI5N4XKTHJGNVMAJXXPZYAYTLY.jpg?auth=2ccca7b5241bf79c867883002a4c37d53943266020a8c7b2f97cd0f7f94c91b0&amp;smart=true&amp;width=350&amp;height=233&amp;quality=85\">El ex embajador argentino en China, Diego Guerra, y el embajador de Chile, Gonzalo Uriarte Herrera<img loading=\"lazy\" decoding=\"async\" alt=\"Menci\u00f3n de honor a Mart\u00edn Cabrales\" height=\"2000\" width=\"1331\" src=\"https:\/\/www.infobae.com\/resizer\/v2\/L7GRLJVYDVDBNEAEIQ4JCCDBEA.jpg?auth=3724c2efe6fa8fe113c2cccaaea7ad5b288677021a82cb5c4294b3577a86576d&amp;smart=true&amp;width=350&amp;height=526&amp;quality=85\">Gabriel Martino, director de Bolsas y Mercados Argentinos (BYMA)<img loading=\"lazy\" decoding=\"async\" alt=\"Menci\u00f3n de honor a Mart\u00edn Cabrales\" height=\"2000\" width=\"1331\" src=\"https:\/\/www.infobae.com\/resizer\/v2\/NBHA2LRWIBCJLECKJTO32FSZH4.jpg?auth=da344c58633f8f4c1b79c3589f2895c476ab0581b786ceb418adbcba8ab20f5b&amp;smart=true&amp;width=350&amp;height=526&amp;quality=85\">Sabrina Cuculiansky junto al embajador de Colombia, Jos\u00e9 Roberto Acosta Ramos<img loading=\"lazy\" decoding=\"async\" alt=\"Menci\u00f3n de honor a Mart\u00edn Cabrales\" height=\"1331\" width=\"2000\" src=\"https:\/\/www.infobae.com\/resizer\/v2\/IIUFZYA6DRDONGSY2IMLTJDWEU.jpg?auth=54bfc61dab8405f1aff9f7720cb01e7c534523ece41478d9c8945ad1c6a238cb&amp;smart=true&amp;width=350&amp;height=233&amp;quality=85\">El senador nacional, Maximiliano Abad; Rodrigo P\u00e9rez Graziano, presidente de Peugeot -Citro\u00ebn Argentina; Mart\u00edn Cabrales y el senador nacional, Carlos \u00abCamau\u00bb Esp\u00ednola<img loading=\"lazy\" decoding=\"async\" alt=\"Menci\u00f3n de honor a Mart\u00edn Cabrales\" height=\"1331\" width=\"2000\" src=\"https:\/\/www.infobae.com\/resizer\/v2\/65GCPIZMBND2JG5DFFLHDUEXQM.jpg?auth=72302b2c94157a4f8484c13817ebb7614a7efd8f48cb341d52e7c8c463ed58cc&amp;smart=true&amp;width=350&amp;height=233&amp;quality=85\">Adelmo Gabbi junto al embajador de Italia, Fabrizio Nicoletti; Myriam Levi, Gustavo Weiss y Mario Natalio Grinman<img loading=\"lazy\" decoding=\"async\" alt=\"Menci\u00f3n de honor a Mart\u00edn Cabrales\" height=\"1331\" width=\"2000\" src=\"https:\/\/www.infobae.com\/resizer\/v2\/5EAAYWQ6TBAN5DCYQYCBU25UUY.jpg?auth=e872d89601588db692e9397c46a1dd3993e20cff51b5798aa18252c7ead74308&amp;smart=true&amp;width=350&amp;height=233&amp;quality=85\">El actor Paulo Brunetti<img loading=\"lazy\" decoding=\"async\" alt=\"Menci\u00f3n de honor a Mart\u00edn Cabrales\" height=\"1331\" width=\"2000\" src=\"https:\/\/www.infobae.com\/resizer\/v2\/S6TBAOOSNJA7BG5CZL2QZSOODU.jpg?auth=a8b27dc4bedd4a391e4b1ced2c55d57c39362b05e3ef055e5091acff0734e75e&amp;smart=true&amp;width=350&amp;height=233&amp;quality=85\">La ceremonia se realiz\u00f3 en el Sal\u00f3n Azul del Senado<img loading=\"lazy\" decoding=\"async\" alt=\"Menci\u00f3n de honor a Mart\u00edn Cabrales\" height=\"2000\" width=\"1331\" src=\"https:\/\/www.infobae.com\/resizer\/v2\/SKNBK5ACRJDO3J7T7L5ZMADLDU.jpg?auth=7515d11ed8b699f89f43e241b30afc8c425b762a64078fc519db75cfcacfcb37&amp;smart=true&amp;width=350&amp;height=526&amp;quality=85\">Ignacio Miguens (Fundaci\u00f3n Amigos del teatro San Mart\u00edn)<img loading=\"lazy\" decoding=\"async\" alt=\"Menci\u00f3n de honor a Mart\u00edn Cabrales\" height=\"1333\" width=\"2000\" src=\"https:\/\/www.infobae.com\/resizer\/v2\/WOS63VQW6BD7BDGDBHKKVL6MEE.jpg?auth=b933de5df60fb8eb0f5c9b998f5a93ea3fe7ba78f6adaf36bf75ee06cde5b7da&amp;smart=true&amp;width=350&amp;height=233&amp;quality=85\">El abogado Marcelo Open<img loading=\"lazy\" decoding=\"async\" alt=\"Menci\u00f3n de honor a Mart\u00edn Cabrales\" height=\"2000\" width=\"1331\" src=\"https:\/\/www.infobae.com\/resizer\/v2\/GMGGOQRW5RAFPP6JKTV2GS34TQ.jpg?auth=f8ee57c27417eebc6ca0aab55b8015e740ed9a1f5ea36b37a1c15d227c6cab25&amp;smart=true&amp;width=350&amp;height=526&amp;quality=85\">Walter D&#8217;Aloia Criado, presidente de la Asociaci\u00f3n de Amigos del Museo de Arte Hispanoamericano Isaac Fern\u00e1ndez Blanco<img loading=\"lazy\" decoding=\"async\" alt=\"Menci\u00f3n de honor a Mart\u00edn Cabrales\" height=\"1331\" width=\"2000\" src=\"https:\/\/www.infobae.com\/resizer\/v2\/OOG72MV675GZFLPOXW7EF4AUX4.jpg?auth=260ee032d2855a2c3f3b66cc215395f2f113e54937732d1a8f94bb2aaf850054&amp;smart=true&amp;width=350&amp;height=233&amp;quality=85\">Sof\u00eda Pefaure de \u00c1lzaga, Mart\u00edn Cabrales y Evelyn Scheidl<img loading=\"lazy\" decoding=\"async\" alt=\"Menci\u00f3n de honor a Mart\u00edn Cabrales\" height=\"1331\" width=\"2000\" src=\"https:\/\/www.infobae.com\/resizer\/v2\/3GBYINCPTNCLHCU7F2MQGAYCNY.jpg?auth=659ccaddec30d522f243a107105e48ec29a1f669eddd80bba296e3a5de60fa3c&amp;smart=true&amp;width=350&amp;height=233&amp;quality=85\">El empresario junto a Gustavo Weiss, Mart\u00edn Rapallini y Adelmo Gabbi<img loading=\"lazy\" decoding=\"async\" alt=\"Menci\u00f3n de honor a Mart\u00edn Cabrales\" height=\"1331\" width=\"2000\" src=\"https:\/\/www.infobae.com\/resizer\/v2\/YET4YAO5NBFJ3GCX3QACIHE7UQ.jpg?auth=552fc20f02e0e48f51b55634306aea741d10461d9085968ce97f8efa95826d3a&amp;smart=true&amp;width=350&amp;height=233&amp;quality=85\">Alejandro Raineri<img loading=\"lazy\" decoding=\"async\" alt=\"Menci\u00f3n de honor a Mart\u00edn Cabrales\" height=\"1331\" width=\"2000\" src=\"https:\/\/www.infobae.com\/resizer\/v2\/QAHDR4COZJEV3LUOHK3OPGPB5M.jpg?auth=c7ecdc639029c3fc200ae836fdc9366b4f813cbe10b4d7bc9a3ce74050091ec6&amp;smart=true&amp;width=350&amp;height=233&amp;quality=85\">Juan Manuel Abal Medina y Mart\u00edn Cabrales<img loading=\"lazy\" decoding=\"async\" alt=\"Menci\u00f3n de honor a Mart\u00edn Cabrales\" height=\"2000\" width=\"1331\" src=\"https:\/\/www.infobae.com\/resizer\/v2\/G3JRKB2SLNC4TKLLRLWN46NSCU.jpg?auth=4c7ae2a9383f17736883a53c1eb43bab0674e8bcecea6b4fdce6d07d9d43ac34&amp;smart=true&amp;width=350&amp;height=526&amp;quality=85\">H\u00e9ctor Vidal Rivas<img loading=\"lazy\" decoding=\"async\" alt=\"Menci\u00f3n de honor a Mart\u00edn Cabrales\" height=\"2000\" width=\"1331\" src=\"https:\/\/www.infobae.com\/resizer\/v2\/A5YGLE3FJNAFFBXHEY2Q3DZZYA.jpg?auth=bc9ec43cf149b7af09757c4de8a3301446358cb024953b1ca93ad5c4f8d449ba&amp;smart=true&amp;width=350&amp;height=526&amp;quality=85\">Gabriela Di Giuseppi (Asociaci\u00f3n Amigos del Teatro San Mart\u00edn)<img loading=\"lazy\" decoding=\"async\" alt=\"Menci\u00f3n de honor a Mart\u00edn Cabrales\" height=\"1331\" width=\"2000\" src=\"https:\/\/www.infobae.com\/resizer\/v2\/E7IQTXEYNVEBTEFFDSHJHXXFJQ.jpg?auth=1a7f5ee07548fcad3d161f389c1a9b5a2cea2f87ed73e12a8effc0be36ceeeaa&amp;smart=true&amp;width=350&amp;height=233&amp;quality=85\">Agustina Braun Blaquier, Alejandro \u00abJandri\u00bb Blaquier y Gustavo Greco<img loading=\"lazy\" decoding=\"async\" alt=\"Menci\u00f3n de honor a Mart\u00edn Cabrales\" height=\"2000\" width=\"1331\" src=\"https:\/\/www.infobae.com\/resizer\/v2\/X3TSK33IY5GFVIBP63U2THKXAI.jpg?auth=fc56dc980fa076148fb5ea563dd6e2ad2f7e2d9533c9a51bc1afa57a46849d21&amp;smart=true&amp;width=350&amp;height=526&amp;quality=85\">Adri\u00e1n Werthein y Rodolfo D&#8217;Onofrio<img loading=\"lazy\" decoding=\"async\" alt=\"Menci\u00f3n de honor a Mart\u00edn Cabrales\" height=\"1331\" width=\"2000\" src=\"https:\/\/www.infobae.com\/resizer\/v2\/PEWNQL45U5EUFM6FPYIQ4UJAOI.jpg?auth=b30812254389893ef32b6dc72077d60732ca47fff477929a1ca40195eb5e3b20&amp;smart=true&amp;width=350&amp;height=233&amp;quality=85\">Cristina y Alejandro Elizalde, Eduardo Gowland y Nicol\u00e1s Keglevich<img loading=\"lazy\" decoding=\"async\" alt=\"Menci\u00f3n de honor a Mart\u00edn Cabrales\" height=\"2000\" width=\"1331\" src=\"https:\/\/www.infobae.com\/resizer\/v2\/EBJNJVQWMRDWVBXDTDDPCNDCCQ.jpg?auth=62d450ef71b1ace560c56f709efc97c6d6736aeb6c0e475c4ddd08cc9154194d&amp;smart=true&amp;width=350&amp;height=526&amp;quality=85\">Pilar Cabrales<img loading=\"lazy\" decoding=\"async\" alt=\"Menci\u00f3n de honor a Mart\u00edn Cabrales\" height=\"2000\" width=\"1331\" src=\"https:\/\/www.infobae.com\/resizer\/v2\/N6EB2PRATZERNCA4KS3MPPFP2A.jpg?auth=c6d99ae0e8b672582abd2006747984d2eb1f91d796f8b395676f52dac6379b82&amp;smart=true&amp;width=350&amp;height=526&amp;quality=85\">La senadora nacional, Flavia Royon<img loading=\"lazy\" decoding=\"async\" alt=\"Menci\u00f3n de honor a Mart\u00edn Cabrales\" height=\"1331\" width=\"2000\" src=\"https:\/\/www.infobae.com\/resizer\/v2\/ZFGOL3OBQ5DB7GSGBYYQEJGPJQ.jpg?auth=d173b8237ce22ce47759ffdc9f579a9bd8323264cd17db9571d9e13049834054&amp;smart=true&amp;width=350&amp;height=233&amp;quality=85\">Dora S\u00e1nchez junto a Germ\u00e1n y Marcos Cabrales<img loading=\"lazy\" decoding=\"async\" alt=\"Menci\u00f3n de honor a Mart\u00edn Cabrales\" height=\"2000\" width=\"1331\" src=\"https:\/\/www.infobae.com\/resizer\/v2\/77ILBWP4RJH5ZL7YC57B3HRLZM.jpg?auth=ec4ca7a47bf5bd67b4c3059c8c893e80da3cd1110bcd000ebbfc0ca06864b782&amp;smart=true&amp;width=350&amp;height=526&amp;quality=85\">Norberto Frigerio (La Naci\u00f3n) y Amalia Amoedo<img loading=\"lazy\" decoding=\"async\" alt=\"Menci\u00f3n de honor a Mart\u00edn Cabrales\" height=\"2000\" width=\"1331\" src=\"https:\/\/www.infobae.com\/resizer\/v2\/YWAVHQ5VWRHPNLIRJLWQP4NTL4.jpg?auth=4e109ce556c8214f2d6ab9ea2df652796313ffa329067106febcce8569496a77&amp;smart=true&amp;width=350&amp;height=526&amp;quality=85\">Nicol\u00e1s Pinto y Cristina Elizalde<img loading=\"lazy\" decoding=\"async\" alt=\"Menci\u00f3n de honor a Mart\u00edn Cabrales\" height=\"2000\" width=\"1331\" src=\"https:\/\/www.infobae.com\/resizer\/v2\/3TQ2VOWYRFAWXI4O7KPN75WD5U.jpg?auth=a44cfddbb2a9b685cb7167e00dd2e13c5404264768689a0ec30eda23d43f4e8c&amp;smart=true&amp;width=350&amp;height=526&amp;quality=85\">Luis Sessa<img loading=\"lazy\" decoding=\"async\" alt=\"Menci\u00f3n de honor a Mart\u00edn Cabrales\" height=\"2000\" width=\"1331\" src=\"https:\/\/www.infobae.com\/resizer\/v2\/PID4LTB3S5D3NPUPQKLAVGLNDE.jpg?auth=6f990d3232b2923b9ef978dac0bf2b531709f39de203c8db48f1a7fe4fd3ec55&amp;smart=true&amp;width=350&amp;height=526&amp;quality=85\">El abogado Jose Luis Puricelli<img loading=\"lazy\" decoding=\"async\" alt=\"Menci\u00f3n de honor a Mart\u00edn Cabrales\" height=\"1333\" width=\"2000\" src=\"https:\/\/www.infobae.com\/resizer\/v2\/FUP2XE2LUBEE3GFKQ52I3PJH7A.jpg?auth=7d7abd4328b8ba1142097ae7401c9ac2914c6181aa4edb98c924c51e9d0cb8e6&amp;smart=true&amp;width=350&amp;height=233&amp;quality=85\">El abogado M\u00e1ximo Fonrouge<img loading=\"lazy\" decoding=\"async\" alt=\"Menci\u00f3n de honor a Mart\u00edn Cabrales\" height=\"1333\" width=\"2000\" src=\"https:\/\/www.infobae.com\/resizer\/v2\/OCBH2UAD4ZDE7BM66O4MJITSRQ.jpg?auth=a5835ea588899f95d0971c45cce5f6e363d217f559af34776e5363b46c0bf3a5&amp;smart=true&amp;width=350&amp;height=233&amp;quality=85\">Miguel Sulichin, Dami\u00e1n Pozzoli, Marcelo Paz y Many Gambaro<img loading=\"lazy\" decoding=\"async\" alt=\"Menci\u00f3n de honor a Mart\u00edn Cabrales\" height=\"2000\" width=\"1331\" src=\"https:\/\/www.infobae.com\/resizer\/v2\/HHQ27BDAUJCPDIQBENCONQEDYA.jpg?auth=d3552462af480e3f624f3aede2062b3834b0b1cd578d2ec77626534a4f662e51&amp;smart=true&amp;width=350&amp;height=526&amp;quality=85\">Alejandro Veroutis y Santiago Varela<img loading=\"lazy\" decoding=\"async\" alt=\"Menci\u00f3n de honor a Mart\u00edn Cabrales\" height=\"1333\" width=\"2000\" src=\"https:\/\/www.infobae.com\/resizer\/v2\/ZXDKE7GD3ZBU5NCHNHYH2XZUAQ.jpg?auth=6c8c9ad4eda83d6c7d6232943d3ef2dce8c1bfc53c41cb8b4bcd239ab8ecf265&amp;smart=true&amp;width=350&amp;height=233&amp;quality=85\">Los embajadores Mar\u00eda Podest\u00e1 y Joaqu\u00edn Mar\u00eda de Ar\u00edstegui Laborde<img loading=\"lazy\" decoding=\"async\" alt=\"Menci\u00f3n de honor a Mart\u00edn Cabrales\" height=\"2000\" width=\"1480\" src=\"https:\/\/www.infobae.com\/resizer\/v2\/CKZ4DAIJHRHPHCBIJ5UJSKYJUQ.jpg?auth=f5ce56b1f286e90cfea16cbd13c1acb40f5f81e5bd1d52be7c9f4c32c1794275&amp;smart=true&amp;width=350&amp;height=473&amp;quality=85\">Johnny Casal, Ram\u00f3n Santamarina y Gerard Confalonieri<img loading=\"lazy\" decoding=\"async\" alt=\"Menci\u00f3n de honor a Mart\u00edn Cabrales\" height=\"1333\" width=\"2000\" src=\"https:\/\/www.infobae.com\/resizer\/v2\/YTPWAVGXARGNXJZUZU3YEB5UXY.jpg?auth=0c8129514db6071bd156eb0a2f75e6ca97d3372e94750d02e0f4d33b67a6491f&amp;smart=true&amp;width=350&amp;height=233&amp;quality=85\">Los invitados en la primera fila del Sal\u00f3n Azul<img loading=\"lazy\" decoding=\"async\" alt=\"Menci\u00f3n de honor a Mart\u00edn Cabrales\" height=\"2000\" width=\"1331\" src=\"https:\/\/www.infobae.com\/resizer\/v2\/SRKOUSB4RJGQXMUMMZAUDBGQAI.jpg?auth=b61cea5cd5ad3c99f5e31ea92b44079e02c67f1a38beba4cde42eaeb2b845995&amp;smart=true&amp;width=350&amp;height=526&amp;quality=85\">Mar\u00eda Claudia Pedrayes y Mar\u00eda Podest\u00e1<img loading=\"lazy\" decoding=\"async\" alt=\"Menci\u00f3n de honor a Mart\u00edn Cabrales\" height=\"2000\" width=\"1331\" src=\"https:\/\/www.infobae.com\/resizer\/v2\/S6OLSWQYARDRFBM4YJJRDSTOUE.jpg?auth=4eb3f56be266cf23c67aa25ca333e8a0ba3737021df018264379dfbdfd6c06c1&amp;smart=true&amp;width=350&amp;height=526&amp;quality=85\">El legislador porte\u00f1o, Sergio Siciliano<img loading=\"lazy\" decoding=\"async\" alt=\"Menci\u00f3n de honor a Mart\u00edn Cabrales\" height=\"2000\" width=\"1331\" src=\"https:\/\/www.infobae.com\/resizer\/v2\/6Z4F2JDHNZAT5LD35AVTKJ4HZY.jpg?auth=78e8ace796e8b1f325304684c5ffb8c738d5bbc373c5837fd94647fe8fb329f6&amp;smart=true&amp;width=350&amp;height=526&amp;quality=85\">El empresario Alfredo Gusm\u00e1n (Celusal)<img loading=\"lazy\" decoding=\"async\" alt=\"Menci\u00f3n de honor a Mart\u00edn Cabrales\" height=\"1326\" width=\"2000\" src=\"https:\/\/www.infobae.com\/resizer\/v2\/IVOJ235CJRDD5FTWCQDIKV2TXI.jpg?auth=87d0a61c1511386f808635a0d2923069ab93a851f09ce7326b8182ab3b26a814&amp;smart=true&amp;width=350&amp;height=232&amp;quality=85\">Ignacio Miguens, Victoria Canale y Santiago Varela<img loading=\"lazy\" decoding=\"async\" alt=\"Menci\u00f3n de honor a Mart\u00edn Cabrales\" height=\"1113\" width=\"2000\" src=\"https:\/\/www.infobae.com\/resizer\/v2\/LRHX2BVWFNEHLIVLRPCTT3CM5E.jpg?auth=8abec9cd0d59d929ea10cff3c92e1937321df9407d60bbd0bb0d49010ad8e78a&amp;smart=true&amp;width=350&amp;height=195&amp;quality=85\">Mart\u00edn Cabrales recibi\u00f3 la Menci\u00f3n de Honor \u201cPresidente Julio Argentino Roca\u201d \/\/\/ Fotos: Jaime Olivos<\/p>\n","protected":false},"excerpt":{"rendered":"<p>https:\/\/www.infobae.com\/fotos\/2026\/09\/02\/90-fotos-martin-cabrales-recibio-la-mencion-de-honor-presidente-julio-argentino-roca Mart\u00edn Cabrales recibi\u00f3 la Menci\u00f3n de Honor \u201cPresidente Julio Argentino Roca\u201d La ceremonia se llev\u00f3 a cabo en el Sal\u00f3n Azul del Senado, donde destacadas personalidades se acercaron a felicitar al empresario PorSoledad BlardoneSeguirMart\u00edn Cabrales recibi\u00f3 la Menci\u00f3n de Honor del Senado de la Naci\u00f3n \u201cPresidente Julio Argentino Roca\u201d, una distinci\u00f3n destinada a emprendedores [&#8230;]\n","protected":false},"author":2,"featured_media":4781,"comment_status":"closed","ping_status":"closed","sticky":false,"template":"","format":"standard","meta":{"footnotes":""},"categories":[14],"tags":[],"class_list":["post-4780","post","type-post","status-publish","format-standard","has-post-thumbnail","hentry","category-infobae"],"_links":{"self":[{"href":"https:\/\/www.martincabrales.com.ar\/index.php?rest_route=\/wp\/v2\/posts\/4780","targetHints":{"allow":["GET"]}}],"collection":[{"href":"https:\/\/www.martincabrales.com.ar\/index.php?rest_route=\/wp\/v2\/posts"}],"about":[{"href":"https:\/\/www.martincabrales.com.ar\/index.php?rest_route=\/wp\/v2\/types\/post"}],"author":[{"embeddable":true,"href":"https:\/\/www.martincabrales.com.ar\/index.php?rest_route=\/wp\/v2\/users\/2"}],"replies":[{"embeddable":true,"href":"https:\/\/www.martincabrales.com.ar\/index.php?rest_route=%2Fwp%2Fv2%2Fcomments&post=4780"}],"version-history":[{"count":1,"href":"https:\/\/www.martincabrales.com.ar\/index.php?rest_route=\/wp\/v2\/posts\/4780\/revisions"}],"predecessor-version":[{"id":4782,"href":"https:\/\/www.martincabrales.com.ar\/index.php?rest_route=\/wp\/v2\/posts\/4780\/revisions\/4782"}],"wp:featuredmedia":[{"embeddable":true,"href":"https:\/\/www.martincabrales.com.ar\/index.php?rest_route=\/wp\/v2\/media\/4781"}],"wp:attachment":[{"href":"https:\/\/www.martincabrales.com.ar\/index.php?rest_route=%2Fwp%2Fv2%2Fmedia&parent=4780"}],"wp:term":[{"taxonomy":"category","embeddable":true,"href":"https:\/\/www.martincabrales.com.ar\/index.php?rest_route=%2Fwp%2Fv2%2Fcategories&post=4780"},{"taxonomy":"post_tag","embeddable":true,"href":"https:\/\/www.martincabrales.com.ar\/index.php?rest_route=%2Fwp%2Fv2%2Ftags&post=4780"}],"curies":[{"name":"wp","href":"https:\/\/api.w.org\/{rel}","templated":true}]}}