{"id":4773,"date":"2026-09-01T13:31:51","date_gmt":"2026-09-01T13:31:51","guid":{"rendered":"https:\/\/www.martincabrales.com.ar\/?p=4773"},"modified":"2026-09-01T13:32:04","modified_gmt":"2026-09-01T13:32:04","slug":"martin-cabrales-recibio-una-mencion-de-honor-del-senado","status":"publish","type":"post","link":"https:\/\/www.martincabrales.com.ar\/?p=4773","title":{"rendered":"Mart\u00edn Cabrales recibi\u00f3 una menci\u00f3n de honor del Senado"},"content":{"rendered":"","protected":false},"excerpt":{"rendered":"","protected":false},"author":2,"featured_media":4774,"comment_status":"closed","ping_status":"closed","sticky":false,"template":"","format":"standard","meta":{"footnotes":""},"categories":[7],"tags":[],"class_list":["post-4773","post","type-post","status-publish","format-standard","has-post-thumbnail","hentry","category-la-nacion"],"_links":{"self":[{"href":"https:\/\/www.martincabrales.com.ar\/index.php?rest_route=\/wp\/v2\/posts\/4773","targetHints":{"allow":["GET"]}}],"collection":[{"href":"https:\/\/www.martincabrales.com.ar\/index.php?rest_route=\/wp\/v2\/posts"}],"about":[{"href":"https:\/\/www.martincabrales.com.ar\/index.php?rest_route=\/wp\/v2\/types\/post"}],"author":[{"embeddable":true,"href":"https:\/\/www.martincabrales.com.ar\/index.php?rest_route=\/wp\/v2\/users\/2"}],"replies":[{"embeddable":true,"href":"https:\/\/www.martincabrales.com.ar\/index.php?rest_route=%2Fwp%2Fv2%2Fcomments&post=4773"}],"version-history":[{"count":2,"href":"https:\/\/www.martincabrales.com.ar\/index.php?rest_route=\/wp\/v2\/posts\/4773\/revisions"}],"predecessor-version":[{"id":4776,"href":"https:\/\/www.martincabrales.com.ar\/index.php?rest_route=\/wp\/v2\/posts\/4773\/revisions\/4776"}],"wp:featuredmedia":[{"embeddable":true,"href":"https:\/\/www.martincabrales.com.ar\/index.php?rest_route=\/wp\/v2\/media\/4774"}],"wp:attachment":[{"href":"https:\/\/www.martincabrales.com.ar\/index.php?rest_route=%2Fwp%2Fv2%2Fmedia&parent=4773"}],"wp:term":[{"taxonomy":"category","embeddable":true,"href":"https:\/\/www.martincabrales.com.ar\/index.php?rest_route=%2Fwp%2Fv2%2Fcategories&post=4773"},{"taxonomy":"post_tag","embeddable":true,"href":"https:\/\/www.martincabrales.com.ar\/index.php?rest_route=%2Fwp%2Fv2%2Ftags&post=4773"}],"curies":[{"name":"wp","href":"https:\/\/api.w.org\/{rel}","templated":true}]}}