{"id":4764,"date":"2026-09-01T13:07:33","date_gmt":"2026-09-01T13:07:33","guid":{"rendered":"https:\/\/www.martincabrales.com.ar\/?p=4764"},"modified":"2026-09-01T13:07:41","modified_gmt":"2026-09-01T13:07:41","slug":"el-empresario-martin-cabrales-recibio-una-mencion-de-honor-en-el-senado","status":"publish","type":"post","link":"https:\/\/www.martincabrales.com.ar\/?p=4764","title":{"rendered":"El empresario Mart\u00edn Cabrales recibi\u00f3 una menci\u00f3n de honor en el Senado"},"content":{"rendered":"\n<p class=\"wp-block-paragraph\">https:\/\/noticias.mitelefe.com\/actualidad\/el-empresario-martin-cabrales-recibio-una-mencion-de-honor-en-el-senado-pid2564716<\/p>\n\n\n\n<p class=\"wp-block-paragraph\">El reconocimiento fue entregado por el senador nacional por la provincia de Buenos Aires, Maximiliano Abad, en un acto realizado en el Sal\u00f3n Azul del Senado de La Naci\u00f3n, que reuni\u00f3 a empresarios, representantes institucionales y embajadores de distintos pa\u00edses.<\/p>\n\n\n\n<p class=\"wp-block-paragraph\">El empresario marplatense&nbsp;<strong>Mart\u00edn Cabrales&nbsp;<\/strong>recibi\u00f3 la&nbsp;<strong>Menci\u00f3n de Honor&nbsp;<\/strong>del Senado de la Naci\u00f3n&nbsp;<strong>\u201cPresidente Julio Argentino Roca\u201d<\/strong>, una distinci\u00f3n destinada a&nbsp;<strong>emprendedores de sobresaliente trayectoria, visi\u00f3n e innovaci\u00f3n<\/strong>, cuyo impacto positivo y&nbsp;<strong>contribuci\u00f3n al crecimiento econ\u00f3mico&nbsp;<\/strong>resultan relevantes para el progreso de la Argentina y el bienestar de la sociedad.<\/p>\n\n\n\n<p class=\"wp-block-paragraph\">La distinci\u00f3n fue entregada por el senador nacional por la provincia de Buenos Aires, Maximiliano Abad, durante una ceremonia realizada en el Sal\u00f3n Azul del Senado de la Naci\u00f3n, en&nbsp;<strong>reconocimiento a la trayectoria empresarial de Cabrales y a su aporte al desarrollo de la industria nacional<\/strong>.<\/p>\n\n\n\n<p class=\"wp-block-paragraph\">En el inicio, se proyect\u00f3 un video con la trayectoria de la familia Cabrales y el rol de Mart\u00edn, con un relato minucioso y emotivo en la voz de Graciela Borges. Y, luego, por decisi\u00f3n de Cabrales, dio un mensaje el presidente de la Academia Nacional de Ciencias de la Empresa (ANCEM) y expresidente de la UIA Daniel Funes de Rioja. Y otro momento \u00fanico se dio con la proyecci\u00f3n de un video donde Mirtha Legrand le dej\u00f3 un afectuoso mensaje: \u201cFelicitaciones querido amigo, te dejo un beso, por este hermoso reconocimiento\u201d, dijo.<\/p>\n\n\n\n<p class=\"wp-block-paragraph\">Durante el acto, Abad destac\u00f3 la trayectoria de Cabrales y su capacidad para trascender el \u00e1mbito empresarial: \u201cHoy el Senado de la Naci\u00f3n distinguimos a una persona, pero en verdad estamos reconociendo algo m\u00e1s grande: la&nbsp;<strong>construcci\u00f3n de una marca que, desde hace 85 a\u00f1os, forma parte de la identidad&nbsp;<\/strong>de los argentinos\u201d, se\u00f1al\u00f3.<\/p>\n\n\n\n<p class=\"wp-block-paragraph\">Abad tambi\u00e9n resalt\u00f3 el v\u00ednculo de Cabrales con Mar del Plata y su capacidad para construir consensos en distintos \u00e1mbitos de la vida nacional. \u201cEntregarle esta Menci\u00f3n de Honor del Senado de la Naci\u00f3n es reconocer a una figura de relevancia nacional, que desde su lugar construy\u00f3 puentes, gener\u00f3 consensos y represent\u00f3, con prestigio y generosidad, lo mejor de nuestro pa\u00eds. Martin es hijo de Mar del Plata y en la ciudad est\u00e1 el origen de su empresa, que es patrimonio de todos los argentinos\u201d, expres\u00f3.<\/p>\n\n\n\n<h4 class=\"wp-block-heading\"><strong>Referente de la industria<\/strong><\/h4>\n\n\n\n<p class=\"wp-block-paragraph\">Mart\u00edn Cabrales es presidente y accionista de Cabrales S.A., empresa familiar fundada hace 85 a\u00f1os por su abuelo, Antonio Cabrales, y de la que actualmente forma parte de su tercera generaci\u00f3n de conducci\u00f3n. La compa\u00f1\u00eda se consolid\u00f3 como una de las principales referentes del mercado argentino de caf\u00e9s finos, molidos y en grano, adem\u00e1s de infusiones y chocolates, con presencia en restaurantes, hoteles y supermercados y actividad exportadora hacia Uruguay, Paraguay, Estados Unidos, Bolivia y Espa\u00f1a.<\/p>\n\n\n\n<p class=\"wp-block-paragraph\">Uno de los aspectos destacados en el reconocimiento fue tambi\u00e9n el reciente desarrollo de producci\u00f3n local de caf\u00e9 en la provincia de Tucum\u00e1n, llevado adelante junto al Instituto de Desarrollo Productivo (IDEP). El proyecto permiti\u00f3 obtener el primer caf\u00e9 argentino con denominaci\u00f3n de origen que cumple est\u00e1ndares internacionales, un avance que abre una nueva perspectiva para una actividad hist\u00f3ricamente dependiente de las importaciones y que podr\u00eda modificar progresivamente la matriz productiva del sector.<\/p>\n\n\n\n<p class=\"wp-block-paragraph\">Visiblemente emocionado, Cabrales destac\u00f3, tras agradecerle al senador nacional Maximiliano Abad: \u201cEs un orgullo para mi recibir esta distinci\u00f3n. Este premio lo recibo en nombre de toda la Familia Cabrales en el marco de los 85 a\u00f1os de aniversario de nuestra empresa\u201d.<\/p>\n\n\n\n<p class=\"wp-block-paragraph\">\u201c<strong>Tuvimos la suerte de que mi abuelo eligiera Mar del Plata<\/strong>, ah\u00ed naci\u00f3&nbsp;<strong>nuestro ADN marplatense, industrial y de servicio<\/strong>. El que nos ense\u00f1\u00f3 que&nbsp;<strong>la calidad no se negocia&nbsp;<\/strong>y que&nbsp;<strong>detr\u00e1s de cada taza est\u00e1 la pasi\u00f3n y el profesionalismo por lo que hacemos<\/strong>\u201d, resalt\u00f3.<\/p>\n\n\n\n<p class=\"wp-block-paragraph\">Por \u00faltimo se\u00f1al\u00f3: \u201c<strong>Soy el mayor de la tercera generaci\u00f3n y es un orgullo saber que ya est\u00e1 la cuarta formando parte de la empresa<\/strong>, porque se seguir\u00e1n manteniendo los mismos principios y fundamentos que nos inculcaron y con los que crecimos: calidad, servicio y una marca prestigiosa\u201d.<\/p>\n\n\n\n<h4 class=\"wp-block-heading\"><strong>Embajadores y representantes diplom\u00e1ticos<\/strong><\/h4>\n\n\n\n<p class=\"wp-block-paragraph\">La ceremonia cont\u00f3 con la presencia de representantes diplom\u00e1ticos de distintos pa\u00edses, entre ellos Jos\u00e9 Roberto Acosta Ramos, embajador de Colombia, Joaqu\u00edn Mar\u00eda de Ar\u00edstegui Laborde, embajador de Espa\u00f1a, Miriam Elena Mena Gallardo, embajadora de El Salvador; Fabrizio Nicoletti, embajador de Italia; &nbsp;Mar\u00eda Podest\u00e1 Herrera, ambajadora de Malta; Stewart Ross Wheeler, embajadora de Canad\u00e1; Lilia Eugenia Rossbach Su\u00e1rez, embajadora de M\u00e9xico; Gon\u00e7alo Teles Gomes, embajador de Portugal; Gonzalo Uriarte Herrera, embajador de Chile; Mauritz Wilhelmus Verheijden, embajador Pa\u00edses Bajos; Paul Vallejo Madrid, primer secretario de Ecuador y Carlos Cuenca, ministro Concejero de Brasil.<br>Tambi\u00e9n participaron destacados empresarios y referentes del \u00e1mbito institucional y productivo. Quienes acompa\u00f1aron a Cabrales durante la entrega de la distinci\u00f3n y compartieron la celebraci\u00f3n de su trayectoria y del aporte de la empresa familiar al desarrollo de la industria argentina fueron: Mart\u00edn Rappallini, Presidente de la Uni\u00f3n Industrial Argentina (UIA); Gustavo Weiss, Presidente de la C\u00e1mara Argentina de la Construcci\u00f3n; Nicol\u00e1s Pino, Presidente de la Sociedad Rural Argentina (SRA); Daniel Funes de Rioja, Presidente de la Academia Nacional de Ciencias de la Empresa (ANCEM), expresidente de la UIA; &nbsp;Adelmo Gabbi, Presidente de la Bolsa de Comercio de Buenos Aires; Natalio Mario Grinman, Presidente de la C\u00e1mara Argentina de Comercio y Servicios; Sebasti\u00e1n Amerio, Procurador del Tesoro; Rodolfo D\u2019Onofrio, Ex presidente de River Plate y Zulemita Menem; &nbsp;Elo\u00edsa Frederking, Vicepresidenta de la Sociedad Rural Argentina; Carla Martin Bonito, Presidenta de COPAL; Gerardo Mart\u00ednez, Secretario General de la Uni\u00f3n Obrera de la Construcci\u00f3n de la Rep\u00fablica Argentina (UOCRA); Amalia Amoedo, Presidenta de la Fundaci\u00f3n Polic\u00eda Federal Argentina; entre otros.<\/p>\n","protected":false},"excerpt":{"rendered":"<p>https:\/\/noticias.mitelefe.com\/actualidad\/el-empresario-martin-cabrales-recibio-una-mencion-de-honor-en-el-senado-pid2564716 El reconocimiento fue entregado por el senador nacional por la provincia de Buenos Aires, Maximiliano Abad, en un acto realizado en el Sal\u00f3n Azul del Senado de La Naci\u00f3n, que reuni\u00f3 a empresarios, representantes institucionales y embajadores de distintos pa\u00edses. El empresario marplatense&nbsp;Mart\u00edn Cabrales&nbsp;recibi\u00f3 la&nbsp;Menci\u00f3n de Honor&nbsp;del Senado de la Naci\u00f3n&nbsp;\u201cPresidente Julio Argentino Roca\u201d, [&#8230;]\n","protected":false},"author":2,"featured_media":0,"comment_status":"closed","ping_status":"closed","sticky":false,"template":"","format":"standard","meta":{"footnotes":""},"categories":[254],"tags":[],"class_list":["post-4764","post","type-post","status-publish","format-standard","hentry","category-telefe"],"_links":{"self":[{"href":"https:\/\/www.martincabrales.com.ar\/index.php?rest_route=\/wp\/v2\/posts\/4764","targetHints":{"allow":["GET"]}}],"collection":[{"href":"https:\/\/www.martincabrales.com.ar\/index.php?rest_route=\/wp\/v2\/posts"}],"about":[{"href":"https:\/\/www.martincabrales.com.ar\/index.php?rest_route=\/wp\/v2\/types\/post"}],"author":[{"embeddable":true,"href":"https:\/\/www.martincabrales.com.ar\/index.php?rest_route=\/wp\/v2\/users\/2"}],"replies":[{"embeddable":true,"href":"https:\/\/www.martincabrales.com.ar\/index.php?rest_route=%2Fwp%2Fv2%2Fcomments&post=4764"}],"version-history":[{"count":1,"href":"https:\/\/www.martincabrales.com.ar\/index.php?rest_route=\/wp\/v2\/posts\/4764\/revisions"}],"predecessor-version":[{"id":4766,"href":"https:\/\/www.martincabrales.com.ar\/index.php?rest_route=\/wp\/v2\/posts\/4764\/revisions\/4766"}],"wp:attachment":[{"href":"https:\/\/www.martincabrales.com.ar\/index.php?rest_route=%2Fwp%2Fv2%2Fmedia&parent=4764"}],"wp:term":[{"taxonomy":"category","embeddable":true,"href":"https:\/\/www.martincabrales.com.ar\/index.php?rest_route=%2Fwp%2Fv2%2Fcategories&post=4764"},{"taxonomy":"post_tag","embeddable":true,"href":"https:\/\/www.martincabrales.com.ar\/index.php?rest_route=%2Fwp%2Fv2%2Ftags&post=4764"}],"curies":[{"name":"wp","href":"https:\/\/api.w.org\/{rel}","templated":true}]}}