{"id":3571,"date":"2023-07-13T11:41:05","date_gmt":"2023-07-13T11:41:05","guid":{"rendered":"https:\/\/www.martincabrales.com.ar\/?p=3571"},"modified":"2023-07-13T11:41:05","modified_gmt":"2023-07-13T11:41:05","slug":"gala-por-los-100-anos-de-dr-rene-favaloro","status":"publish","type":"post","link":"https:\/\/www.martincabrales.com.ar\/?p=3571","title":{"rendered":"Gala por los 100 a\u00f1os de Dr Ren\u00e9 Favaloro"},"content":{"rendered":"\n<blockquote class=\"wp-embedded-content\" data-secret=\"nsQg1kRCZ1\"><a href=\"https:\/\/www.parati.com.ar\/moda\/vidriera-de-juana-repetto-y-chloe-bello-a-susana-gimenez-y-mirtha-legrand-looks-de-famosos-en-la-gala-por-los-100-anos-de-rene-favaloro\/\" target=\"_blank\" rel=\"noopener\">Vidriera: De Juana Repetto y Chlo\u00e9 Bello a Susana Gim\u00e9nez y Mirtha Legrand, looks de famosos en la gala por los 100 a\u00f1os de Ren\u00e9 Favaloro<\/a><\/blockquote><iframe loading=\"lazy\" class=\"wp-embedded-content\" sandbox=\"allow-scripts\" security=\"restricted\" style=\"position: absolute; clip: rect(1px, 1px, 1px, 1px);\" title=\"\u00abVidriera: De Juana Repetto y Chlo\u00e9 Bello a Susana Gim\u00e9nez y Mirtha Legrand, looks de famosos en la gala por los 100 a\u00f1os de Ren\u00e9 Favaloro\u00bb \u2014 Revista Para Ti\" src=\"https:\/\/www.parati.com.ar\/moda\/vidriera-de-juana-repetto-y-chloe-bello-a-susana-gimenez-y-mirtha-legrand-looks-de-famosos-en-la-gala-por-los-100-anos-de-rene-favaloro\/embed\/#?secret=cENTbWbwis#?secret=nsQg1kRCZ1\" data-secret=\"nsQg1kRCZ1\" width=\"600\" height=\"338\" frameborder=\"0\" marginwidth=\"0\" marginheight=\"0\" scrolling=\"no\"><\/iframe>\n","protected":false},"excerpt":{"rendered":"<p>Vidriera: De Juana Repetto y Chlo\u00e9 Bello a Susana Gim\u00e9nez y Mirtha Legrand, looks de famosos en la gala por los 100 a\u00f1os de Ren\u00e9 Favaloro<\/p>\n","protected":false},"author":2,"featured_media":3573,"comment_status":"closed","ping_status":"closed","sticky":false,"template":"","format":"standard","meta":{"footnotes":""},"categories":[224],"tags":[],"class_list":["post-3571","post","type-post","status-publish","format-standard","has-post-thumbnail","hentry","category-para-ti"],"_links":{"self":[{"href":"https:\/\/www.martincabrales.com.ar\/index.php?rest_route=\/wp\/v2\/posts\/3571","targetHints":{"allow":["GET"]}}],"collection":[{"href":"https:\/\/www.martincabrales.com.ar\/index.php?rest_route=\/wp\/v2\/posts"}],"about":[{"href":"https:\/\/www.martincabrales.com.ar\/index.php?rest_route=\/wp\/v2\/types\/post"}],"author":[{"embeddable":true,"href":"https:\/\/www.martincabrales.com.ar\/index.php?rest_route=\/wp\/v2\/users\/2"}],"replies":[{"embeddable":true,"href":"https:\/\/www.martincabrales.com.ar\/index.php?rest_route=%2Fwp%2Fv2%2Fcomments&post=3571"}],"version-history":[{"count":1,"href":"https:\/\/www.martincabrales.com.ar\/index.php?rest_route=\/wp\/v2\/posts\/3571\/revisions"}],"predecessor-version":[{"id":3574,"href":"https:\/\/www.martincabrales.com.ar\/index.php?rest_route=\/wp\/v2\/posts\/3571\/revisions\/3574"}],"wp:featuredmedia":[{"embeddable":true,"href":"https:\/\/www.martincabrales.com.ar\/index.php?rest_route=\/wp\/v2\/media\/3573"}],"wp:attachment":[{"href":"https:\/\/www.martincabrales.com.ar\/index.php?rest_route=%2Fwp%2Fv2%2Fmedia&parent=3571"}],"wp:term":[{"taxonomy":"category","embeddable":true,"href":"https:\/\/www.martincabrales.com.ar\/index.php?rest_route=%2Fwp%2Fv2%2Fcategories&post=3571"},{"taxonomy":"post_tag","embeddable":true,"href":"https:\/\/www.martincabrales.com.ar\/index.php?rest_route=%2Fwp%2Fv2%2Ftags&post=3571"}],"curies":[{"name":"wp","href":"https:\/\/api.w.org\/{rel}","templated":true}]}}